{"id":1377,"date":"2016-07-04T12:50:03","date_gmt":"2016-07-04T15:50:03","guid":{"rendered":"http:\/\/www.radioamigavallenar.cl\/?p=1377"},"modified":"2016-07-04T12:50:03","modified_gmt":"2016-07-04T15:50:03","slug":"en-vallenar-ministra-natalia-riffo-cerro-dialogos-para-formular-politica-regional-de-deportes","status":"publish","type":"post","link":"https:\/\/www.radioamigavallenar.cl\/?p=1377","title":{"rendered":"En Vallenar Ministra Natalia Riffo cerr\u00f3 di\u00e1logos para formular pol\u00edtica regional de deportes"},"content":{"rendered":"<p style=\"text-align: justify;\"><a href=\"http:\/\/www.radioamigavallenar.cl\/wp-content\/uploads\/2016\/07\/Pamma-T-Amarilla.jpg\"><img loading=\"lazy\" decoding=\"async\" class=\" size-medium wp-image-1373 aligncenter\" src=\"http:\/\/www.radioamigavallenar.cl\/wp-content\/uploads\/2016\/07\/Pamma-T-Amarilla-300x167.jpg\" alt=\"Pamma T Amarilla\" width=\"300\" height=\"167\" srcset=\"https:\/\/www.radioamigavallenar.cl\/wp-content\/uploads\/2016\/07\/Pamma-T-Amarilla-300x167.jpg 300w, https:\/\/www.radioamigavallenar.cl\/wp-content\/uploads\/2016\/07\/Pamma-T-Amarilla.jpg 700w\" sizes=\"auto, (max-width: 300px) 100vw, 300px\" \/><\/a><\/p>\n<p style=\"text-align: justify;\">El tercer y \u00faltimo Di\u00e1logo Provincial para la Formulaci\u00f3n de la Pol\u00edtica de Actividad F\u00edsica y Deportes, tuvo en este jueves, una destacada participante en su jornada de cierre, como fue la visita de la Ministra Natalia Riffo Alonso, quien estuvo acompa\u00f1ada del alcalde de Vallenar, Cristian Tapia, de la Gobernadora Provincial, Alexandra N\u00fa\u00f1ez y del Seremi del Deporte Osvaldo Carvajal.<\/p>\n<p style=\"text-align: justify;\">En el Liceo Jos\u00e9 Santos Ossa de Vallenar, la Ministra Riffo, se\u00f1al\u00f3 sobre este proceso participativo de formulaci\u00f3n de la Pol\u00edtica de Actividad F\u00edsica y Deporte, que ha permitido conocer la opini\u00f3n, anhelos y propuestas ciudadanas, los desaf\u00edos y expectativas de las y los deportistas, recomendaciones de t\u00e9cnicos y expertos y la visi\u00f3n del Estado en esta materia. \u201cEstamos convencidos que la construcci\u00f3n de una buena Pol\u00edtica se hace en base a recoger la opini\u00f3n de la ciudadan\u00eda, como nos ha indicado nuestra presidenta Michelle Bachelet. Por eso agradezco su participaci\u00f3n y la de todos los funcionarios del Ministerio del Deporte e Instituto Nacional del Deporte que han trabajado para su concreci\u00f3n\u201d.<\/p>\n<p style=\"text-align: justify;\">Igualmente, el Alcalde de Vallenar, Cristian Tapia Ramos, destac\u00f3 la importancia del deporte en su gesti\u00f3n municipal: \u201cEs muy importante lo que se est\u00e1 realizando para que la Pol\u00edtica Deportiva Nacional y Regional, tenga eco en cada una de las comunas, porque estamos convencidos de que el \u00e9xito est\u00e1 en lo masivo y en la participaci\u00f3n de las vecinas y vecinos. Para ellos hemos mejorado nuestra infraestructura, como por ejemplo el Polideportivo y el Paseo Ribere\u00f1o, que son lugares de encuentro de la comunidad\u201d.<\/p>\n","protected":false},"excerpt":{"rendered":"<p>El tercer y \u00faltimo Di\u00e1logo Provincial para la Formulaci\u00f3n de la Pol\u00edtica de Actividad F\u00edsica y Deportes, tuvo en este jueves, una destacada participante en&hellip; <\/p>\n","protected":false},"author":2,"featured_media":1373,"comment_status":"open","ping_status":"closed","sticky":false,"template":"","format":"standard","meta":{"footnotes":""},"categories":[8],"tags":[],"class_list":["post-1377","post","type-post","status-publish","format-standard","has-post-thumbnail","hentry","category-deportes"],"_links":{"self":[{"href":"https:\/\/www.radioamigavallenar.cl\/index.php?rest_route=\/wp\/v2\/posts\/1377","targetHints":{"allow":["GET"]}}],"collection":[{"href":"https:\/\/www.radioamigavallenar.cl\/index.php?rest_route=\/wp\/v2\/posts"}],"about":[{"href":"https:\/\/www.radioamigavallenar.cl\/index.php?rest_route=\/wp\/v2\/types\/post"}],"author":[{"embeddable":true,"href":"https:\/\/www.radioamigavallenar.cl\/index.php?rest_route=\/wp\/v2\/users\/2"}],"replies":[{"embeddable":true,"href":"https:\/\/www.radioamigavallenar.cl\/index.php?rest_route=%2Fwp%2Fv2%2Fcomments&post=1377"}],"version-history":[{"count":0,"href":"https:\/\/www.radioamigavallenar.cl\/index.php?rest_route=\/wp\/v2\/posts\/1377\/revisions"}],"wp:featuredmedia":[{"embeddable":true,"href":"https:\/\/www.radioamigavallenar.cl\/index.php?rest_route=\/wp\/v2\/media\/1373"}],"wp:attachment":[{"href":"https:\/\/www.radioamigavallenar.cl\/index.php?rest_route=%2Fwp%2Fv2%2Fmedia&parent=1377"}],"wp:term":[{"taxonomy":"category","embeddable":true,"href":"https:\/\/www.radioamigavallenar.cl\/index.php?rest_route=%2Fwp%2Fv2%2Fcategories&post=1377"},{"taxonomy":"post_tag","embeddable":true,"href":"https:\/\/www.radioamigavallenar.cl\/index.php?rest_route=%2Fwp%2Fv2%2Ftags&post=1377"}],"curies":[{"name":"wp","href":"https:\/\/api.w.org\/{rel}","templated":true}]}}