{"id":13377,"date":"2019-03-29T10:29:21","date_gmt":"2019-03-29T13:29:21","guid":{"rendered":"https:\/\/www.radioamigavallenar.cl\/?p=13377"},"modified":"2019-03-29T10:29:21","modified_gmt":"2019-03-29T13:29:21","slug":"pdi-detiene-a-sujeto-por-almacenamiento-de-pornografia-infantil-en-copiapo","status":"publish","type":"post","link":"https:\/\/www.radioamigavallenar.cl\/?p=13377","title":{"rendered":"PDI detiene a sujeto por almacenamiento de pornograf\u00eda infantil en Copiap\u00f3"},"content":{"rendered":"<p><a href=\"https:\/\/www.radioamigavallenar.cl\/wp-content\/uploads\/2019\/01\/PDI.jpeg\"><img loading=\"lazy\" decoding=\"async\" class=\"size-medium wp-image-12841 aligncenter\" src=\"https:\/\/www.radioamigavallenar.cl\/wp-content\/uploads\/2019\/01\/PDI-300x225.jpeg\" alt=\"\" width=\"300\" height=\"225\" srcset=\"https:\/\/www.radioamigavallenar.cl\/wp-content\/uploads\/2019\/01\/PDI-300x225.jpeg 300w, https:\/\/www.radioamigavallenar.cl\/wp-content\/uploads\/2019\/01\/PDI.jpeg 700w\" sizes=\"auto, (max-width: 300px) 100vw, 300px\" \/><\/a><\/p>\n<p>El jefe de la Brisexme, el subprefecto Guillermo Namor se refiri\u00f3 a la detenci\u00f3n del sujeto, luego de recibir la informaci\u00f3n de parte de la polic\u00eda montada de Canad\u00e1, informaci\u00f3n que fue reportada a la Interpol en Chile y entregada a la PDI Copiap\u00f3.<\/p>\n<p>Se logr\u00f3 indagar el hecho, con registros de IP, y p\u00e1ginas de Internet, adem\u00e1s de otras\u00a0 diligencias que permitieron la detenci\u00f3n de un sujeto en Copiap\u00f3, quien estaba almacenando este tipo de material pornogr\u00e1fico, principalmente, donde se plasma el abuso sexual a menores de edad, menores de 5 a\u00f1os en adelante, logrando dar con el domicilio del sujeto y procediendo al ingreso del inmueble, encontrando en su interior el material fotogr\u00e1fico, superior 4000 im\u00e1genes y m\u00e1s de 40 videos de abusos a menores de edad.<\/p>\n<p>Se procedi\u00f3 a la incautaci\u00f3n de todo el material, adem\u00e1s de computadores, CDS, DVR y otros elementos vinculados al delito.\u00a0 Se trata de un sujeto mayor de edad, de iniciales, D.A.M.G, quien registra antecedentes por el delito de abuso sexual en el a\u00f1o 2016.<\/p>\n<p>Se esta recopilando mayores antecedentes para conocer la identidad de los menores, ya que al menos dos de ellos corresponden a menores de nacionalidad canadiense, Estados Unidos y en Rusia. El material est\u00e1 siendo periciado por la PDI.<\/p>\n","protected":false},"excerpt":{"rendered":"<p>El jefe de la Brisexme, el subprefecto Guillermo Namor se refiri\u00f3 a la detenci\u00f3n del sujeto, luego de recibir la informaci\u00f3n de parte de la&hellip; <\/p>\n","protected":false},"author":2,"featured_media":12841,"comment_status":"open","ping_status":"closed","sticky":false,"template":"","format":"standard","meta":{"footnotes":""},"categories":[6],"tags":[],"class_list":["post-13377","post","type-post","status-publish","format-standard","has-post-thumbnail","hentry","category-policial"],"_links":{"self":[{"href":"https:\/\/www.radioamigavallenar.cl\/index.php?rest_route=\/wp\/v2\/posts\/13377","targetHints":{"allow":["GET"]}}],"collection":[{"href":"https:\/\/www.radioamigavallenar.cl\/index.php?rest_route=\/wp\/v2\/posts"}],"about":[{"href":"https:\/\/www.radioamigavallenar.cl\/index.php?rest_route=\/wp\/v2\/types\/post"}],"author":[{"embeddable":true,"href":"https:\/\/www.radioamigavallenar.cl\/index.php?rest_route=\/wp\/v2\/users\/2"}],"replies":[{"embeddable":true,"href":"https:\/\/www.radioamigavallenar.cl\/index.php?rest_route=%2Fwp%2Fv2%2Fcomments&post=13377"}],"version-history":[{"count":0,"href":"https:\/\/www.radioamigavallenar.cl\/index.php?rest_route=\/wp\/v2\/posts\/13377\/revisions"}],"wp:featuredmedia":[{"embeddable":true,"href":"https:\/\/www.radioamigavallenar.cl\/index.php?rest_route=\/wp\/v2\/media\/12841"}],"wp:attachment":[{"href":"https:\/\/www.radioamigavallenar.cl\/index.php?rest_route=%2Fwp%2Fv2%2Fmedia&parent=13377"}],"wp:term":[{"taxonomy":"category","embeddable":true,"href":"https:\/\/www.radioamigavallenar.cl\/index.php?rest_route=%2Fwp%2Fv2%2Fcategories&post=13377"},{"taxonomy":"post_tag","embeddable":true,"href":"https:\/\/www.radioamigavallenar.cl\/index.php?rest_route=%2Fwp%2Fv2%2Ftags&post=13377"}],"curies":[{"name":"wp","href":"https:\/\/api.w.org\/{rel}","templated":true}]}}