{"id":12807,"date":"2019-01-15T10:11:38","date_gmt":"2019-01-15T13:11:38","guid":{"rendered":"https:\/\/www.radioamigavallenar.cl\/?p=12807"},"modified":"2019-01-15T11:15:08","modified_gmt":"2019-01-15T14:15:08","slug":"seremi-de-bienes-nacionales-se-reune-con-pobladores-rurales-en-vallenar","status":"publish","type":"post","link":"https:\/\/www.radioamigavallenar.cl\/?p=12807","title":{"rendered":"Seremi de Bienes Nacionales se re\u00fane con pobladores rurales en Vallenar"},"content":{"rendered":"<p><a href=\"https:\/\/www.radioamigavallenar.cl\/wp-content\/uploads\/2019\/01\/Rurales.jpg\"><img loading=\"lazy\" decoding=\"async\" class=\"size-medium wp-image-12808 aligncenter\" src=\"https:\/\/www.radioamigavallenar.cl\/wp-content\/uploads\/2019\/01\/Rurales-300x225.jpg\" alt=\"\" width=\"300\" height=\"225\" srcset=\"https:\/\/www.radioamigavallenar.cl\/wp-content\/uploads\/2019\/01\/Rurales-300x225.jpg 300w, https:\/\/www.radioamigavallenar.cl\/wp-content\/uploads\/2019\/01\/Rurales.jpg 700w\" sizes=\"auto, (max-width: 300px) 100vw, 300px\" \/><\/a><\/p>\n<p>Con la finalidad de escuchar sus inquietudes, y orientar a los vecinos y vecinas en torno a tem\u00e1ticas tales como la obtenci\u00f3n de sus t\u00edtulos de dominio, la ocurrencia de loteos brujos, o la proliferaci\u00f3n de ocupaciones ilegales, la Seremi de Bienes Nacionales de Atacama, Carla Guaita Carrizo, asisti\u00f3 hasta la comuna de Vallenar, lugar donde sostuvo reuniones con m\u00e1s de 100 dirigentes y pobladores pertenecientes a cinco Juntas de Vecinos Rurales, las que recorri\u00f3 en una sola jornada de intenso trabajo. Estas fueron: Junta de Vecinos El Morro, Nuevo Amanecer, Cuatro Palomas, Hacienda Compa\u00f1\u00eda y Llanos del Soto.<\/p>\n<p>\u201cFue una jornada totalmente satisfactoria, en donde pudimos conversar directamente con los vecinos y vecinas de estas comunidades rurales, en coordinaci\u00f3n con la UNCO Rural de Vallenar, a quienes agradecemos la posibilidad de coordinar esta verdadera \u2018gira\u2019 por cinco unidades vecinales que realizamos durante el fin de semana, con el prop\u00f3sito de informar y orientar a las personas\u201d, se\u00f1al\u00f3 la Secretaria Regional, a\u00f1adiendo que \u201ctal como nos lo ha encomendado nuestro Ministro Felipe Ward y el Presidente Sebasti\u00e1n Pi\u00f1era, establecimos el compromiso de continuar trabajando en casos relacionados con el dominio de terrenos, tales como el sector Cuatro Palomas, lugar en torno al cual nuestro Ministerio est\u00e1 recabando el m\u00e1ximo de informaci\u00f3n para determinar a qui\u00e9n pertenece dicha propiedad. Lo mismo ocurre con el caso de los denominados \u2018loteos brujos\u2019, acerca de lo cual orientamos y alertamos a los vecinos, respecto de posibles estafas por ventas fraudulentas\u201d.<\/p>\n<p>Respecto a la visita, Nuriz \u00c1valos, Presidenta de la Junta de Vecinos Nuevo Amanecer, asegur\u00f3 que le pareci\u00f3 \u201cexcelente, porque hace tiempo que est\u00e1bamos esperando la reuni\u00f3n con la Seremi, y ha sido bien provechoso lo que ella nos dijo. Nos encant\u00f3 porque trajo buenas noticias, y adem\u00e1s vino a conocer el sector, que era lo principal para nosotros\u201d. Nuriz destac\u00f3 que entre otras tem\u00e1ticas abordadas, \u201chablamos de los terrenos; en qu\u00e9 situaci\u00f3n nos encontramos nosotros, porque ya hay harta gente viviendo, somos m\u00e1s de cien familias ac\u00e1. Queremos saber de qui\u00e9n son los terrenos, para empezar con los proyectos, sacar el agua, entre otros. La Seremi ven\u00eda bien clarita en eso, y nos trajo buena respuesta\u201d.<\/p>\n<p>Por su parte, Matilde Alvarado, Presidenta de la Junta Vecinal Cuatro Palomas, argument\u00f3 que \u201cmucha gente estaba muy complicada, no sab\u00eda qu\u00e9 hacer; entonces aqu\u00ed, con la Seremi y la abogada, se aclararon varios puntos, la gente est\u00e1 m\u00e1s conforme. Hablamos sobre la venta de terrenos brujos, temas relacionados con el cambio de uso de suelo, y c\u00f3mo las personas pueden obtener finalmente un t\u00edtulo de dominio, que es lo que m\u00e1s les interesa, que el terreno sea de ellos\u201d.<\/p>\n<p>Finalmente, la Presidenta de la Uni\u00f3n Comunal de Juntas de Vecinos Rurales, Sandra Tapia, agradeci\u00f3 la labor en terreno de la Seremi Carla Guaita, indicando que \u201cestoy s\u00faper contenta, (porque) hemos visitado cinco sectores con la Seremi de Bienes Nacionales y su equipo, donde nos hemos llevado muchas sorpresas, de ver que hay mucha gente que necesita apoyo. Agradecerle p\u00fablicamente a la Seremi, por el compromiso adquirido con esta organizaci\u00f3n; una salida a terreno es bastante importante para nosotros que vivimos en sectores alejados\u201d, concluy\u00f3 la dirigente comunal.<\/p>\n","protected":false},"excerpt":{"rendered":"<p>Con la finalidad de escuchar sus inquietudes, y orientar a los vecinos y vecinas en torno a tem\u00e1ticas tales como la obtenci\u00f3n de sus t\u00edtulos&hellip; <\/p>\n","protected":false},"author":2,"featured_media":12808,"comment_status":"open","ping_status":"closed","sticky":false,"template":"","format":"standard","meta":{"footnotes":""},"categories":[2],"tags":[],"class_list":["post-12807","post","type-post","status-publish","format-standard","has-post-thumbnail","hentry","category-vallenar"],"_links":{"self":[{"href":"https:\/\/www.radioamigavallenar.cl\/index.php?rest_route=\/wp\/v2\/posts\/12807","targetHints":{"allow":["GET"]}}],"collection":[{"href":"https:\/\/www.radioamigavallenar.cl\/index.php?rest_route=\/wp\/v2\/posts"}],"about":[{"href":"https:\/\/www.radioamigavallenar.cl\/index.php?rest_route=\/wp\/v2\/types\/post"}],"author":[{"embeddable":true,"href":"https:\/\/www.radioamigavallenar.cl\/index.php?rest_route=\/wp\/v2\/users\/2"}],"replies":[{"embeddable":true,"href":"https:\/\/www.radioamigavallenar.cl\/index.php?rest_route=%2Fwp%2Fv2%2Fcomments&post=12807"}],"version-history":[{"count":0,"href":"https:\/\/www.radioamigavallenar.cl\/index.php?rest_route=\/wp\/v2\/posts\/12807\/revisions"}],"wp:featuredmedia":[{"embeddable":true,"href":"https:\/\/www.radioamigavallenar.cl\/index.php?rest_route=\/wp\/v2\/media\/12808"}],"wp:attachment":[{"href":"https:\/\/www.radioamigavallenar.cl\/index.php?rest_route=%2Fwp%2Fv2%2Fmedia&parent=12807"}],"wp:term":[{"taxonomy":"category","embeddable":true,"href":"https:\/\/www.radioamigavallenar.cl\/index.php?rest_route=%2Fwp%2Fv2%2Fcategories&post=12807"},{"taxonomy":"post_tag","embeddable":true,"href":"https:\/\/www.radioamigavallenar.cl\/index.php?rest_route=%2Fwp%2Fv2%2Ftags&post=12807"}],"curies":[{"name":"wp","href":"https:\/\/api.w.org\/{rel}","templated":true}]}}