{"id":12685,"date":"2019-01-02T12:45:25","date_gmt":"2019-01-02T15:45:25","guid":{"rendered":"https:\/\/www.radioamigavallenar.cl\/?p=12685"},"modified":"2019-01-02T12:45:25","modified_gmt":"2019-01-02T15:45:25","slug":"vecina-de-freirina-retorna-a-la-comuna-despues-de-82-anos","status":"publish","type":"post","link":"https:\/\/www.radioamigavallenar.cl\/?p=12685","title":{"rendered":"Vecina de Freirina retorna a la comuna despu\u00e9s de 82 a\u00f1os"},"content":{"rendered":"<p>Una interesante historia es la que relata la se\u00f1ora Luisa Jorquera Morales de 92 a\u00f1os, quien retorna a Freirina junto a sus hijos, hecho que quiso ser documentado por el historiador local Oriel \u00c1lvarez, quien adem\u00e1s se desempe\u00f1a como encargado de la biblioteca p\u00fablica 152 \u00abHomero Callejas\u00bb.<\/p>\n<p>El programa audiovisual \u00abcontenidos locales\u00bb que impulsa la Dibam y que ejecuta de manera correcta la biblioteca, ha permitido rescatar historias y fomentar la cultura local a trav\u00e9s de peque\u00f1os videos y documentales. Por ello la ocasi\u00f3n fue propicia para conocer un poco m\u00e1s del Freirina de los a\u00f1os 30 en la voz de la se\u00f1ora Luisa, que tuvo que salir de Freirina a los 10 a\u00f1os de edad, luego que su padre vendiera la casa a la conocida familia Callejas.<\/p>\n<p>A continuaci\u00f3n dejamos el link para que puedas escuchar esta interesante entrevista:<\/p>\n<p><iframe loading=\"lazy\" title=\"Retorno a Freirina, 82 a\u00f1os despu\u00e9s\" width=\"790\" height=\"444\" src=\"https:\/\/www.youtube.com\/embed\/Zz_JT0umuno?feature=oembed\" frameborder=\"0\" allow=\"accelerometer; autoplay; clipboard-write; encrypted-media; gyroscope; picture-in-picture\" allowfullscreen><\/iframe><\/p>\n<p>&nbsp;<\/p>\n","protected":false},"excerpt":{"rendered":"<p>Una interesante historia es la que relata la se\u00f1ora Luisa Jorquera Morales de 92 a\u00f1os, quien retorna a Freirina junto a sus hijos, hecho que&hellip; <\/p>\n","protected":false},"author":2,"featured_media":12686,"comment_status":"open","ping_status":"closed","sticky":false,"template":"","format":"standard","meta":{"footnotes":""},"categories":[3],"tags":[],"class_list":["post-12685","post","type-post","status-publish","format-standard","has-post-thumbnail","hentry","category-freirina"],"_links":{"self":[{"href":"https:\/\/www.radioamigavallenar.cl\/index.php?rest_route=\/wp\/v2\/posts\/12685","targetHints":{"allow":["GET"]}}],"collection":[{"href":"https:\/\/www.radioamigavallenar.cl\/index.php?rest_route=\/wp\/v2\/posts"}],"about":[{"href":"https:\/\/www.radioamigavallenar.cl\/index.php?rest_route=\/wp\/v2\/types\/post"}],"author":[{"embeddable":true,"href":"https:\/\/www.radioamigavallenar.cl\/index.php?rest_route=\/wp\/v2\/users\/2"}],"replies":[{"embeddable":true,"href":"https:\/\/www.radioamigavallenar.cl\/index.php?rest_route=%2Fwp%2Fv2%2Fcomments&post=12685"}],"version-history":[{"count":0,"href":"https:\/\/www.radioamigavallenar.cl\/index.php?rest_route=\/wp\/v2\/posts\/12685\/revisions"}],"wp:featuredmedia":[{"embeddable":true,"href":"https:\/\/www.radioamigavallenar.cl\/index.php?rest_route=\/wp\/v2\/media\/12686"}],"wp:attachment":[{"href":"https:\/\/www.radioamigavallenar.cl\/index.php?rest_route=%2Fwp%2Fv2%2Fmedia&parent=12685"}],"wp:term":[{"taxonomy":"category","embeddable":true,"href":"https:\/\/www.radioamigavallenar.cl\/index.php?rest_route=%2Fwp%2Fv2%2Fcategories&post=12685"},{"taxonomy":"post_tag","embeddable":true,"href":"https:\/\/www.radioamigavallenar.cl\/index.php?rest_route=%2Fwp%2Fv2%2Ftags&post=12685"}],"curies":[{"name":"wp","href":"https:\/\/api.w.org\/{rel}","templated":true}]}}