{"id":12639,"date":"2018-12-27T20:07:33","date_gmt":"2018-12-27T23:07:33","guid":{"rendered":"https:\/\/www.radioamigavallenar.cl\/?p=12639"},"modified":"2018-12-27T20:07:33","modified_gmt":"2018-12-27T23:07:33","slug":"seremi-de-gobierno-llama-a-educar-a-las-nuevas-generaciones-para-cuidar-y-optimizar-el-consumo-del-agua","status":"publish","type":"post","link":"https:\/\/www.radioamigavallenar.cl\/?p=12639","title":{"rendered":"Seremi de Gobierno llama a educar a las nuevas generaciones para cuidar y optimizar el consumo del agua"},"content":{"rendered":"<p><a href=\"https:\/\/www.radioamigavallenar.cl\/wp-content\/uploads\/2018\/12\/Seremi-Gobierno.jpg\"><img loading=\"lazy\" decoding=\"async\" class=\"size-medium wp-image-12640 aligncenter\" src=\"https:\/\/www.radioamigavallenar.cl\/wp-content\/uploads\/2018\/12\/Seremi-Gobierno-300x200.jpg\" alt=\"\" width=\"300\" height=\"200\" srcset=\"https:\/\/www.radioamigavallenar.cl\/wp-content\/uploads\/2018\/12\/Seremi-Gobierno-300x200.jpg 300w, https:\/\/www.radioamigavallenar.cl\/wp-content\/uploads\/2018\/12\/Seremi-Gobierno.jpg 700w\" sizes=\"auto, (max-width: 300px) 100vw, 300px\" \/><\/a><\/p>\n<p>Con el objetivo de \u00a0generar conciencia de la escasez del vital elemento, fomentar su consumo responsable durante este verano y aportar con medidas simples aplicables en el diario vivir, el Gobierno a trav\u00e9s del Ministerio de Obras P\u00fablicas (MOP), la Superintendencia de Servicios Sanitarios y la empresa Aguas Andinas lanzaron la Campa\u00f1a Nacional de Ahorro de Agua.<\/p>\n<p>La Seremi de Gobierno, Mar\u00eda Francisca Plaza, valor\u00f3 la iniciativa impulsada por el Presidente Sebasti\u00e1n Pi\u00f1era y expres\u00f3 que \u201ces un hecho que durante la \u00faltima d\u00e9cada, el cambio clim\u00e1tico y la escasez de agua se transformaron en una realidad para Chile y particularmente para Atacama. Por este motivo es fundamental trabajar, educar, informar y predicar con el ejemplo, de manera constante, para cuidar y valorar este recurso\u201d.<\/p>\n<p>Seg\u00fan las autoridades, la campa\u00f1a propone formar en ni\u00f1os, j\u00f3venes y adultos una mentalidad de que el agua hay que ahorrarla, no s\u00f3lo por la econom\u00eda familiar, sino que tambi\u00e9n permite que se disponga de m\u00e1s para el resto de la ciudadan\u00eda.<\/p>\n<p>Plaza Velis argument\u00f3 que \u201cen la actualidad el 60% del agua en un hogar, se gasta en el ba\u00f1o y la mayor parte se gasta en la ducha. Esto quiere decir que cada minuto adicional de ducha son 12 litros de agua que se pierden. Esto es una realidad que debemos cambiar y para eso es importante educar a las nuevas generaciones, tal como nos ha mandatado nuestro Intendente Francisco S\u00e1nchez, sobre lo importante que significa cuidar el vital elemento\u201d, agreg\u00f3 la Seremi de Gobierno.<\/p>\n<p><strong>#CuidemosElAgua <\/strong><\/p>\n<p>Este es el nombre que recibe la campa\u00f1a del Gobierno y que fomenta el consumo responsable. \u201cComo pa\u00eds y atacame\u00f1os tenemos un desaf\u00edo. La proyecci\u00f3n clim\u00e1tica, hoy, es a la escasez del agua en el largo plazo, por lo tanto, es hora de hacernos responsables. Optimicemos su consumo y ahorremos en lo m\u00e1s posible este valioso recurso\u201d, concluy\u00f3 la Seremi de Gobierno.<\/p>\n<p><strong>Sin agua, no hay vida (sigue estos consejos) \u00a0\u00a0\u00a0<\/strong><\/p>\n<ul>\n<li>Prefiere usar una fuente para lavar y otra para enjuagar. Evita lavar loza con la llave abierta. \u00a1Gasta 12 litros de agua por minuto!.<\/li>\n<li><\/li>\n<li>Prefiere descargar s\u00f3lo la mitad del estanque en WC m\u00e1s modernos o instalar una botella llena de agua adentro de los estanques antiguos. Evita tirar la cadena a cada rato, sobre todo en estanques antiguos.<\/li>\n<\/ul>\n<p>&nbsp;<\/p>\n<ul>\n<li>Prefiere juntar ropa y utilizar carga completa. Evita usar la lavadora con poca ropa. \u00a1Cada lavado son 285 litros de agua!.<\/li>\n<\/ul>\n<p>&nbsp;<\/p>\n<ul>\n<li>Prefiere abrir la llave s\u00f3lo para humedecerte las manos al inicio y para quitarte el jab\u00f3n al final. Evita dejar el agua corriendo todo el tiempo mientras te lavas las manos.<\/li>\n<\/ul>\n<p>&nbsp;<\/p>\n<ul>\n<li>Prefiere regar de noche, as\u00ed \u00a1aprovechas todo el agua!. Evita regar de d\u00eda. \u00a1Cuando lo haces se evapora el 30% del agua!.<\/li>\n<\/ul>\n","protected":false},"excerpt":{"rendered":"<p>Con el objetivo de \u00a0generar conciencia de la escasez del vital elemento, fomentar su consumo responsable durante este verano y aportar con medidas simples aplicables&hellip; <\/p>\n","protected":false},"author":2,"featured_media":12640,"comment_status":"open","ping_status":"closed","sticky":false,"template":"","format":"standard","meta":{"footnotes":""},"categories":[7],"tags":[],"class_list":["post-12639","post","type-post","status-publish","format-standard","has-post-thumbnail","hentry","category-atacama"],"_links":{"self":[{"href":"https:\/\/www.radioamigavallenar.cl\/index.php?rest_route=\/wp\/v2\/posts\/12639","targetHints":{"allow":["GET"]}}],"collection":[{"href":"https:\/\/www.radioamigavallenar.cl\/index.php?rest_route=\/wp\/v2\/posts"}],"about":[{"href":"https:\/\/www.radioamigavallenar.cl\/index.php?rest_route=\/wp\/v2\/types\/post"}],"author":[{"embeddable":true,"href":"https:\/\/www.radioamigavallenar.cl\/index.php?rest_route=\/wp\/v2\/users\/2"}],"replies":[{"embeddable":true,"href":"https:\/\/www.radioamigavallenar.cl\/index.php?rest_route=%2Fwp%2Fv2%2Fcomments&post=12639"}],"version-history":[{"count":0,"href":"https:\/\/www.radioamigavallenar.cl\/index.php?rest_route=\/wp\/v2\/posts\/12639\/revisions"}],"wp:featuredmedia":[{"embeddable":true,"href":"https:\/\/www.radioamigavallenar.cl\/index.php?rest_route=\/wp\/v2\/media\/12640"}],"wp:attachment":[{"href":"https:\/\/www.radioamigavallenar.cl\/index.php?rest_route=%2Fwp%2Fv2%2Fmedia&parent=12639"}],"wp:term":[{"taxonomy":"category","embeddable":true,"href":"https:\/\/www.radioamigavallenar.cl\/index.php?rest_route=%2Fwp%2Fv2%2Fcategories&post=12639"},{"taxonomy":"post_tag","embeddable":true,"href":"https:\/\/www.radioamigavallenar.cl\/index.php?rest_route=%2Fwp%2Fv2%2Ftags&post=12639"}],"curies":[{"name":"wp","href":"https:\/\/api.w.org\/{rel}","templated":true}]}}