{"id":12625,"date":"2018-12-21T12:15:02","date_gmt":"2018-12-21T15:15:02","guid":{"rendered":"https:\/\/www.radioamigavallenar.cl\/?p=12625"},"modified":"2018-12-21T12:15:02","modified_gmt":"2018-12-21T15:15:02","slug":"vallenarina-es-nueva-campeona-nacional-de-patinaje-artistico","status":"publish","type":"post","link":"https:\/\/www.radioamigavallenar.cl\/?p=12625","title":{"rendered":"Vallenarina es nueva campeona nacional de patinaje art\u00edstico"},"content":{"rendered":"<p><a href=\"https:\/\/www.radioamigavallenar.cl\/wp-content\/uploads\/2018\/12\/Vallenar-patinaje.jpg\"><img loading=\"lazy\" decoding=\"async\" class=\"size-medium wp-image-12626 aligncenter\" src=\"https:\/\/www.radioamigavallenar.cl\/wp-content\/uploads\/2018\/12\/Vallenar-patinaje-300x225.jpg\" alt=\"\" width=\"300\" height=\"225\" srcset=\"https:\/\/www.radioamigavallenar.cl\/wp-content\/uploads\/2018\/12\/Vallenar-patinaje-300x225.jpg 300w, https:\/\/www.radioamigavallenar.cl\/wp-content\/uploads\/2018\/12\/Vallenar-patinaje.jpg 700w\" sizes=\"auto, (max-width: 300px) 100vw, 300px\" \/><\/a><\/p>\n<p>Recientemente\u00a0\u00a0en la ciudad de Iquique se realiz\u00f3 desde el 03 al 09 de Diciembre el Campeonato Nacional de Patinaje Art\u00edstico organizado por la Federaci\u00f3n Nacional,\u00a0\u00a0donde particip\u00f3 una de nuestras Ex Alumna, Camila Salinas Pujado, que en la actualidad\u00a0\u00a0por su situaci\u00f3n universitaria se encuentra entrenando en el Club Gabriela Mistral, siendo su entrenadora Javiera Marambio.<\/p>\n<p>El Club de Patinaje Art\u00edstico Vallenar, desea felicitar a\u00a0\u00a0Camila\u00a0\u00a0por su \u00abPrimer Lugar Estilo Libre\u00bb que la\u00a0\u00a0corona como Campeona Nacional\u00a0\u00a0y\u00a0\u00a0por sus Terceros Lugares en estilos Free-Dance\u00a0\u00a0y\u00a0\u00a0estilo Danza en la hermosa disciplina de Patinaje Art\u00edstico.<\/p>\n<p>Para el Club de Patinaje Vallenar\u00a0\u00a0es un\u00a0\u00a0orgullo,\u00a0 porque Camila se inici\u00f3 en nuestro querido Club Vallenar\u00a0\u00a0y\u00a0\u00a0aun continua trabajando con nuestra alumnas\u00a0\u00a0cuando est\u00e1 en la ciudad,\u00a0 por eso es muy importante destacar estos excelentes resultados.<\/p>\n","protected":false},"excerpt":{"rendered":"<p>Recientemente\u00a0\u00a0en la ciudad de Iquique se realiz\u00f3 desde el 03 al 09 de Diciembre el Campeonato Nacional de Patinaje Art\u00edstico organizado por la Federaci\u00f3n Nacional,\u00a0\u00a0donde&hellip; <\/p>\n","protected":false},"author":2,"featured_media":12626,"comment_status":"open","ping_status":"closed","sticky":false,"template":"","format":"standard","meta":{"footnotes":""},"categories":[8,2],"tags":[],"class_list":["post-12625","post","type-post","status-publish","format-standard","has-post-thumbnail","hentry","category-deportes","category-vallenar"],"_links":{"self":[{"href":"https:\/\/www.radioamigavallenar.cl\/index.php?rest_route=\/wp\/v2\/posts\/12625","targetHints":{"allow":["GET"]}}],"collection":[{"href":"https:\/\/www.radioamigavallenar.cl\/index.php?rest_route=\/wp\/v2\/posts"}],"about":[{"href":"https:\/\/www.radioamigavallenar.cl\/index.php?rest_route=\/wp\/v2\/types\/post"}],"author":[{"embeddable":true,"href":"https:\/\/www.radioamigavallenar.cl\/index.php?rest_route=\/wp\/v2\/users\/2"}],"replies":[{"embeddable":true,"href":"https:\/\/www.radioamigavallenar.cl\/index.php?rest_route=%2Fwp%2Fv2%2Fcomments&post=12625"}],"version-history":[{"count":0,"href":"https:\/\/www.radioamigavallenar.cl\/index.php?rest_route=\/wp\/v2\/posts\/12625\/revisions"}],"wp:featuredmedia":[{"embeddable":true,"href":"https:\/\/www.radioamigavallenar.cl\/index.php?rest_route=\/wp\/v2\/media\/12626"}],"wp:attachment":[{"href":"https:\/\/www.radioamigavallenar.cl\/index.php?rest_route=%2Fwp%2Fv2%2Fmedia&parent=12625"}],"wp:term":[{"taxonomy":"category","embeddable":true,"href":"https:\/\/www.radioamigavallenar.cl\/index.php?rest_route=%2Fwp%2Fv2%2Fcategories&post=12625"},{"taxonomy":"post_tag","embeddable":true,"href":"https:\/\/www.radioamigavallenar.cl\/index.php?rest_route=%2Fwp%2Fv2%2Ftags&post=12625"}],"curies":[{"name":"wp","href":"https:\/\/api.w.org\/{rel}","templated":true}]}}