{"id":12563,"date":"2018-12-19T12:19:12","date_gmt":"2018-12-19T15:19:12","guid":{"rendered":"https:\/\/www.radioamigavallenar.cl\/?p=12563"},"modified":"2018-12-19T12:19:12","modified_gmt":"2018-12-19T15:19:12","slug":"gobierno-firma-convenio-de-colaboracion-con-instituto-teleton","status":"publish","type":"post","link":"https:\/\/www.radioamigavallenar.cl\/?p=12563","title":{"rendered":"Gobierno firma convenio de colaboraci\u00f3n con instituto Telet\u00f3n"},"content":{"rendered":"<p><a href=\"https:\/\/www.radioamigavallenar.cl\/wp-content\/uploads\/2018\/12\/Firma-Teleton.jpg\"><img loading=\"lazy\" decoding=\"async\" class=\"size-medium wp-image-12564 aligncenter\" src=\"https:\/\/www.radioamigavallenar.cl\/wp-content\/uploads\/2018\/12\/Firma-Teleton-300x200.jpg\" alt=\"\" width=\"300\" height=\"200\" srcset=\"https:\/\/www.radioamigavallenar.cl\/wp-content\/uploads\/2018\/12\/Firma-Teleton-300x200.jpg 300w, https:\/\/www.radioamigavallenar.cl\/wp-content\/uploads\/2018\/12\/Firma-Teleton.jpg 700w\" sizes=\"auto, (max-width: 300px) 100vw, 300px\" \/><\/a><\/p>\n<p>10 millones de pesos son los fondos que la Secretar\u00eda Regional Ministerial de las Culturas, las Artes y el Patrimonio de Atacama, transfiri\u00f3 al Instituto Telet\u00f3n en Copiap\u00f3, a trav\u00e9s de una firma de convenio del programa Chile Celebra, que tiene por objetivo generar acciones en las que los beneficiarios sean ni\u00f1os y ni\u00f1as, adolescentes, y personas migrantes.<\/p>\n<p>Con los recursos, el Instituto Telet\u00f3n en Atacama favorecer\u00e1 a 40 de sus usuarios, quienes podr\u00e1n fortalecer su tratamiento y recuperaci\u00f3n con la conformaci\u00f3n de un grupo musical y de baile, que se reunir\u00e1 2 veces a la semana desde enero a mayo del pr\u00f3ximo a\u00f1o, y que en su propuesta, adem\u00e1s de fomentar la inclusi\u00f3n, promueve la multiculturalidad al integrar ritmos y tradiciones de otros pa\u00edses, adem\u00e1s de personas extranjeras.<\/p>\n<p>El Intendente de Atacama, Francisco S\u00e1nchez Barrera, felicit\u00f3 a los trabajadores del instituto y a los padres que se encontraban en terapia con sus hijos, destacando su esfuerzo que ser\u00e1 premiado con los talleres que se llevar\u00e1n a cabo con el aporte del gobierno.<\/p>\n<p>\u201cEstamos muy contentos con este convenio del programa Chile Celebra que beneficiar\u00e1 a 40 ni\u00f1os, ni\u00f1as y j\u00f3venes, y que tiene que ver con la movilidad y la inclusi\u00f3n, con permitir que los beneficiados desarrollen sus capacidades por medio del arte. Aqu\u00ed estamos dando cumplimiento directo a un mandato del Presidente Sebasti\u00e1n Pi\u00f1era, enfocado en hacer de Atacama una regi\u00f3n integral e inclusiva, al considerar a las personas que vienen a nuestro pa\u00eds buscando mejores oportunidades, y que tambi\u00e9n son usuarios de Telet\u00f3n con sus familias. Estamos haciendo todo un trabajo para mejorar la calidad de vida de todas y todos, por lo que necesitamos materializar un cambio cultural en nuestra regi\u00f3n; como ejemplo de que ya estamos trabajando en aquello incorporamos al servicio de transporte colectivo 18 buses con acceso universal, y que son gestos que muestran el camino hacia una sociedad m\u00e1s inclusiva\u201d, expres\u00f3 el Intendente, Francisco S\u00e1nchez Barrera.<\/p>\n<p><strong>ARTE TERAPIA<\/strong><\/p>\n<p>Gloria Osorio Olavarr\u00eda, M\u00e9dico Fisiatra y Directora del Instituto Telet\u00f3n Atacama tambi\u00e9n resalt\u00f3 su felicidad por la firma del convenio, explicando los beneficios del arte en el tratamiento de sus usuarios. \u201cEstamos felices con la celebraci\u00f3n de este convenio que nos va a permitir trabajar con ni\u00f1os, j\u00f3venes y adultos chilenos y extranjeros, creando nuevas oportunidades, y entendiendo el arte como una forma terap\u00e9utica, pero adem\u00e1s de socializaci\u00f3n e inclusi\u00f3n. Vamos a seguir trabajando en esta l\u00ednea, porque el arte es muy importante para las personas, ya que es una herramienta potente que no s\u00f3lo permite la expresi\u00f3n, y la emoci\u00f3n, sino que tambi\u00e9n trabajar la espacialidad, la motricidad fina, la sociabilizaci\u00f3n, y \u00a0un mill\u00f3n de otras habilidades cognitivas que son important\u00edsimas en la rehabilitaci\u00f3n de una persona\u201d.<\/p>\n<p>Por su parte, la Seremi de las Culturas, las Artes y el Patrimonio de Atacama, Mar\u00eda Cecilia Simunovic, \u201cEstamos muy contentos de firmar este convenio por 10 millones de pesos con Instituto Telet\u00f3n, y que se enmarca en los ejes de trabajo del gobierno del Presidente Sebasti\u00e1n Pi\u00f1era y del Intendente Francisco S\u00e1nchez, y que dicen relaci\u00f3n con fomentar las culturas y las artes en todos los lugares, facilitando su acceso al mayor n\u00famero de personas posibles, y mejor a\u00fan, si eso se realiza con un car\u00e1cter m\u00e1s social e inclusivo, que es uno de los sellos que quiero darle a mi gesti\u00f3n\u201d.<\/p>\n<p>Una vez realizada la firma de convenio, la directora del Centro Telet\u00f3n invit\u00f3 al Intendente y la Seremi de las Culturas a dar un recorrido por el Instituto, destacando el trabajo que los especialistas y voluntarios realizan diariamente, gesti\u00f3n con la que ambas autoridades se comprometieron a seguir apoyando.<\/p>\n","protected":false},"excerpt":{"rendered":"<p>10 millones de pesos son los fondos que la Secretar\u00eda Regional Ministerial de las Culturas, las Artes y el Patrimonio de Atacama, transfiri\u00f3 al Instituto&hellip; <\/p>\n","protected":false},"author":2,"featured_media":12564,"comment_status":"open","ping_status":"closed","sticky":false,"template":"","format":"standard","meta":{"footnotes":""},"categories":[7],"tags":[],"class_list":["post-12563","post","type-post","status-publish","format-standard","has-post-thumbnail","hentry","category-atacama"],"_links":{"self":[{"href":"https:\/\/www.radioamigavallenar.cl\/index.php?rest_route=\/wp\/v2\/posts\/12563","targetHints":{"allow":["GET"]}}],"collection":[{"href":"https:\/\/www.radioamigavallenar.cl\/index.php?rest_route=\/wp\/v2\/posts"}],"about":[{"href":"https:\/\/www.radioamigavallenar.cl\/index.php?rest_route=\/wp\/v2\/types\/post"}],"author":[{"embeddable":true,"href":"https:\/\/www.radioamigavallenar.cl\/index.php?rest_route=\/wp\/v2\/users\/2"}],"replies":[{"embeddable":true,"href":"https:\/\/www.radioamigavallenar.cl\/index.php?rest_route=%2Fwp%2Fv2%2Fcomments&post=12563"}],"version-history":[{"count":0,"href":"https:\/\/www.radioamigavallenar.cl\/index.php?rest_route=\/wp\/v2\/posts\/12563\/revisions"}],"wp:featuredmedia":[{"embeddable":true,"href":"https:\/\/www.radioamigavallenar.cl\/index.php?rest_route=\/wp\/v2\/media\/12564"}],"wp:attachment":[{"href":"https:\/\/www.radioamigavallenar.cl\/index.php?rest_route=%2Fwp%2Fv2%2Fmedia&parent=12563"}],"wp:term":[{"taxonomy":"category","embeddable":true,"href":"https:\/\/www.radioamigavallenar.cl\/index.php?rest_route=%2Fwp%2Fv2%2Fcategories&post=12563"},{"taxonomy":"post_tag","embeddable":true,"href":"https:\/\/www.radioamigavallenar.cl\/index.php?rest_route=%2Fwp%2Fv2%2Ftags&post=12563"}],"curies":[{"name":"wp","href":"https:\/\/api.w.org\/{rel}","templated":true}]}}