{"id":12543,"date":"2018-12-19T11:13:56","date_gmt":"2018-12-19T14:13:56","guid":{"rendered":"https:\/\/www.radioamigavallenar.cl\/?p=12543"},"modified":"2018-12-19T11:13:56","modified_gmt":"2018-12-19T14:13:56","slug":"en-un-72-buscan-aumentar-planta-municipal-en-alto-del-carmen","status":"publish","type":"post","link":"https:\/\/www.radioamigavallenar.cl\/?p=12543","title":{"rendered":"En un 72% buscan aumentar planta municipal en Alto del Carmen"},"content":{"rendered":"<p><a href=\"https:\/\/www.radioamigavallenar.cl\/wp-content\/uploads\/2018\/12\/AC-funcionarios.jpg\"><img loading=\"lazy\" decoding=\"async\" class=\"size-medium wp-image-12544 aligncenter\" src=\"https:\/\/www.radioamigavallenar.cl\/wp-content\/uploads\/2018\/12\/AC-funcionarios-300x225.jpg\" alt=\"\" width=\"300\" height=\"225\" srcset=\"https:\/\/www.radioamigavallenar.cl\/wp-content\/uploads\/2018\/12\/AC-funcionarios-300x225.jpg 300w, https:\/\/www.radioamigavallenar.cl\/wp-content\/uploads\/2018\/12\/AC-funcionarios.jpg 700w\" sizes=\"auto, (max-width: 300px) 100vw, 300px\" \/><\/a><\/p>\n<p style=\"font-weight: 400;\">Fortalecido super\u00f3 el proceso de modificaci\u00f3n de planta el municipio de Alto del Carmen, esto luego de que fuera el \u00fanico municipio de la regi\u00f3n en lograr la tan ansiada ampliaci\u00f3n en su dotaci\u00f3n.\u00a0 Carmen Bou, alcaldesa de la comuna, se mostr\u00f3 muy satisfecha por el resultado, el que seg\u00fan se\u00f1al\u00f3 \u201cda muestra de un trabajo serio y mancomunado de los funcionarios municipales de esta comuna, quienes trabajaron durante dos a\u00f1os para alcanzar este excelente resultado\u201d, expreso la edil.<\/p>\n<p style=\"font-weight: 400;\">El municipio de Alto del Carmen logr\u00f3 aumentar su planta municipal en 15 funcionario de planta, lo que permitir\u00e1 no s\u00f3lo crear tres nuevas direcciones, sino que profesionalizar a\u00fan m\u00e1s a su dotaci\u00f3n, ya que el 70% de los cargos ser\u00e1n ocupados por profesionales y t\u00e9cnicos. Al respecto la autoridad comunal explic\u00f3 que, \u201cahora tendremos la Direcci\u00f3n de Tr\u00e1nsito, la de Medio Ambiente, Aseo y Ornato y la Jur\u00eddica, adem\u00e1s, ser\u00e1n otros 15 funcionarios y funcionarias que tendr\u00e1n mayor estabilidad laboral, lo que permitir\u00e1 entregar un mejor servicio a la comunidad, ampliando la gama de prestaciones para ella\u201d.<\/p>\n<p style=\"font-weight: 400;\">El proyecto de planta municipal que fue aceptado gener\u00f3 amplio debate al interior del municipio y un proceso altamente participativo, en el que los distintos estamentos pudieron dar cuenta de su visi\u00f3n al respecto, por lo que fue aprobado por el Concejo antes de ser presentado.\u00a0 Esta nueva planta municipal que fue aprobada por la SUBDERE y revisada por la Contralor\u00eda, ahora solo debe ser publicada en el Diario Oficial para que entre en vigencia el 1 de enero de 2019.<\/p>\n","protected":false},"excerpt":{"rendered":"<p>Fortalecido super\u00f3 el proceso de modificaci\u00f3n de planta el municipio de Alto del Carmen, esto luego de que fuera el \u00fanico municipio de la regi\u00f3n&hellip; <\/p>\n","protected":false},"author":2,"featured_media":12544,"comment_status":"open","ping_status":"closed","sticky":false,"template":"","format":"standard","meta":{"footnotes":""},"categories":[5],"tags":[],"class_list":["post-12543","post","type-post","status-publish","format-standard","has-post-thumbnail","hentry","category-alto-del-carmen"],"_links":{"self":[{"href":"https:\/\/www.radioamigavallenar.cl\/index.php?rest_route=\/wp\/v2\/posts\/12543","targetHints":{"allow":["GET"]}}],"collection":[{"href":"https:\/\/www.radioamigavallenar.cl\/index.php?rest_route=\/wp\/v2\/posts"}],"about":[{"href":"https:\/\/www.radioamigavallenar.cl\/index.php?rest_route=\/wp\/v2\/types\/post"}],"author":[{"embeddable":true,"href":"https:\/\/www.radioamigavallenar.cl\/index.php?rest_route=\/wp\/v2\/users\/2"}],"replies":[{"embeddable":true,"href":"https:\/\/www.radioamigavallenar.cl\/index.php?rest_route=%2Fwp%2Fv2%2Fcomments&post=12543"}],"version-history":[{"count":0,"href":"https:\/\/www.radioamigavallenar.cl\/index.php?rest_route=\/wp\/v2\/posts\/12543\/revisions"}],"wp:featuredmedia":[{"embeddable":true,"href":"https:\/\/www.radioamigavallenar.cl\/index.php?rest_route=\/wp\/v2\/media\/12544"}],"wp:attachment":[{"href":"https:\/\/www.radioamigavallenar.cl\/index.php?rest_route=%2Fwp%2Fv2%2Fmedia&parent=12543"}],"wp:term":[{"taxonomy":"category","embeddable":true,"href":"https:\/\/www.radioamigavallenar.cl\/index.php?rest_route=%2Fwp%2Fv2%2Fcategories&post=12543"},{"taxonomy":"post_tag","embeddable":true,"href":"https:\/\/www.radioamigavallenar.cl\/index.php?rest_route=%2Fwp%2Fv2%2Ftags&post=12543"}],"curies":[{"name":"wp","href":"https:\/\/api.w.org\/{rel}","templated":true}]}}