{"id":12540,"date":"2018-12-19T11:08:45","date_gmt":"2018-12-19T14:08:45","guid":{"rendered":"https:\/\/www.radioamigavallenar.cl\/?p=12540"},"modified":"2018-12-19T11:08:45","modified_gmt":"2018-12-19T14:08:45","slug":"encuentran-rocas-costeras-como-evidencia-de-un-tsunami-prehistorico-en-atacama","status":"publish","type":"post","link":"https:\/\/www.radioamigavallenar.cl\/?p=12540","title":{"rendered":"Encuentran rocas costeras como evidencia de un Tsunami Prehist\u00f3rico en Atacama"},"content":{"rendered":"<p><a href=\"https:\/\/www.radioamigavallenar.cl\/wp-content\/uploads\/2018\/12\/Tsunami-prehistorico.jpg\"><img loading=\"lazy\" decoding=\"async\" class=\"size-medium wp-image-12541 aligncenter\" src=\"https:\/\/www.radioamigavallenar.cl\/wp-content\/uploads\/2018\/12\/Tsunami-prehistorico-300x169.jpg\" alt=\"\" width=\"300\" height=\"169\" srcset=\"https:\/\/www.radioamigavallenar.cl\/wp-content\/uploads\/2018\/12\/Tsunami-prehistorico-300x169.jpg 300w, https:\/\/www.radioamigavallenar.cl\/wp-content\/uploads\/2018\/12\/Tsunami-prehistorico.jpg 700w\" sizes=\"auto, (max-width: 300px) 100vw, 300px\" \/><\/a><\/p>\n<p>En base a este hallazgo, investigadores explican que en la \u00e9poca prehist\u00f3rica la costa de Atacama fue sacudida por grandes terremotos acompa\u00f1ados de Tsunamis.<\/p>\n<p>La prestigiosa revista de geolog\u00eda Sedimentology public\u00f3 en noviembre pasado los resultados de una investigaci\u00f3n encabezada por los cient\u00edficos de la Universidad de Atacama Manuel Abad, Tatiana Izquierdo, Miguel C\u00e1ceres y Enrique Bern\u00e1rdez junto a Joaqu\u00edn Rodriguez-Vidal de la Universidad de Huelva, Espa\u00f1a, en la que se describe un sorprendente estudio sobre rocas del Holoceno tard\u00edo, que fueron desplazadas y ubicadas por impacto del oleaje en el acantilado que est\u00e1 en la entrada a Caleta Cisne, dentro del \u00c1rea Marina Costera Protegida de M\u00faltiples Usos Isla Grande de Atacama.<\/p>\n<p>Estas rocas dar\u00edan cuenta de un evento s\u00edsmico de grandes proporciones, acompa\u00f1ado de olas de gran altura que sacudieron la costa sur del desierto de Atacama (norte de Chile). Una de las rocas movidas m\u00e1s grandes pesa sobre 40 toneladas, lo que indica la energ\u00eda que desat\u00f3 la ola de este gran tsunami.<\/p>\n<p>De acuerdo a los estudios realizados y las evidencias dejadas por el choque de la ola en el continente, las fracturas geol\u00f3gicas encontradas y el desplazamiento de rocas tierra adentro, se estima que se trat\u00f3 de un terremoto de entre 8,8 a 9,4 de magnitud, acompa\u00f1ado de un tsunami de una ola superior a 18 metros de altura.<\/p>\n<p>Cabe recordar que Tsunamis reportados en Jap\u00f3n, y que generaron da\u00f1os en la prefectura de Ibakari en septiembre del a\u00f1o 1420, han sido atribuidos al gran evento de la costa de Atacama, seg\u00fan las fechas obtenidas por dataci\u00f3n de carbono 14 presentadas en este estudio.<\/p>\n<p>En conversaci\u00f3n con Manuel Abad, autor principal del trabajo, plantea que todo este sector puede haber actuado como \u201calmac\u00e9n de paleotsunamis\u201d durante los \u00faltimos miles de a\u00f1os; es decir, es muy probable que los grandes terremotos y tsunamis que ha experimentado el Desierto de Atacama en el Holoceno hayan quedado preservados, de una y otra manera, en el \u00e1rea. \u201cEs necesario realizar m\u00e1s estudios, pero disponemos ya de evidencias muy s\u00f3lidas que apuntan hacia este lugar como un punto de referencia para descifrar la historia s\u00edsmica del norte de Chile\u201d, indica el investigador.<\/p>\n<p>La identificaci\u00f3n de estos eventos tiene grandes implicancias para las ciencias geol\u00f3gicas en Chile, pero adem\u00e1s nos ayudan a la comprensi\u00f3n de la magnitud potencial de los terremotos en el norte de Chile y el tama\u00f1o de los tsunamis provocados que podr\u00edan haberse registrado en todo el Oc\u00e9ano Pac\u00edfico, siendo indicadores de sucesos en el presente y futuro de esta regi\u00f3n, y el resguardo que esto significa.<\/p>\n<p>Por su parte, el Bi\u00f3logo Marino de la Seremi del Medio Ambiente, Ricardo Catal\u00e1n Garrido, se refiere a esta investigaci\u00f3n indicando que \u201ces incre\u00edble el potencial que tienen las \u00c1reas Marinas Protegidas en Chile, si bien fueron declaradas por presentar valores notables, la investigaci\u00f3n y la consolidaci\u00f3n de estos territorios, nos pueden entregar infinitas posibilidades y descubrimientos impensados para el pa\u00eds y la humanidad; es as\u00ed como una roca, que si bien encontr\u00e1bamos singular, la mirada experta encontr\u00f3 suficiente informaci\u00f3n y datos para unir nuestra costa con la de Jap\u00f3n a trav\u00e9s de un sismo y tsunami pret\u00e9rito, comprobando una vez m\u00e1s que nuestra cultura y la morfolog\u00eda de nuestra costa ha sido moldeada por eventos, a veces catastr\u00f3ficos, pero totalmente normales \u201d.<\/p>\n<p>Es a\u00fan m\u00e1s relevante que la investigaci\u00f3n realizada por los expertos tanto de Atacama, como de Espa\u00f1a, se haya realizado en parte en un \u00e1rea protegida por el Estado de Chile, la cual est\u00e1 siendo apoyada por el Gobierno Regional de Atacama y su Honorable Consejo Regional, para lograr una un eficiente cuidado, conservaci\u00f3n y a futura administraci\u00f3n y as\u00ed mantener este inconmensurable valor patrimonial para el pa\u00eds y para la ciencia mundial.<\/p>\n<p>Finalmente el Seremi del Medio Ambiente de la Regi\u00f3n de Atacama Sr. Guillermo Ready Salam\u00e9, se refiri\u00f3 a estas investigaciones y descubrimientos \u201cEsta investigaci\u00f3n reafirma que la costa de Atacama y los sitios prioritarios de conservaci\u00f3n son laboratorios abiertos para la academia y la sociedad civil, por lo que es de suma importancia comprender que las acciones que se desarrollan en torno a ellas deben ser amigables, procurando un uso sustentable con el patrimonio geol\u00f3gico, arqueol\u00f3gico y biol\u00f3gico regional, todo esto seg\u00fan los lineamientos medioambientales que est\u00e1n dentro de las prioridades del Presidente Sebasti\u00e1n Pi\u00f1era y con el apoyo del Intendente de Atacama Francisco S\u00e1nchez, quienes consideran fundamental la protecci\u00f3n del mar y la costa chilena. Adem\u00e1s, debe existir asimismo un compromiso de toda la comunidad, sobre todo local para mantener lo m\u00e1s pr\u00edstinos y en las mejores condiciones para que puedan ser atesorados por las generaciones futuras\u201d.<\/p>\n","protected":false},"excerpt":{"rendered":"<p>En base a este hallazgo, investigadores explican que en la \u00e9poca prehist\u00f3rica la costa de Atacama fue sacudida por grandes terremotos acompa\u00f1ados de Tsunamis. La&hellip; <\/p>\n","protected":false},"author":2,"featured_media":12541,"comment_status":"open","ping_status":"closed","sticky":false,"template":"","format":"standard","meta":{"footnotes":""},"categories":[7],"tags":[],"class_list":["post-12540","post","type-post","status-publish","format-standard","has-post-thumbnail","hentry","category-atacama"],"_links":{"self":[{"href":"https:\/\/www.radioamigavallenar.cl\/index.php?rest_route=\/wp\/v2\/posts\/12540","targetHints":{"allow":["GET"]}}],"collection":[{"href":"https:\/\/www.radioamigavallenar.cl\/index.php?rest_route=\/wp\/v2\/posts"}],"about":[{"href":"https:\/\/www.radioamigavallenar.cl\/index.php?rest_route=\/wp\/v2\/types\/post"}],"author":[{"embeddable":true,"href":"https:\/\/www.radioamigavallenar.cl\/index.php?rest_route=\/wp\/v2\/users\/2"}],"replies":[{"embeddable":true,"href":"https:\/\/www.radioamigavallenar.cl\/index.php?rest_route=%2Fwp%2Fv2%2Fcomments&post=12540"}],"version-history":[{"count":0,"href":"https:\/\/www.radioamigavallenar.cl\/index.php?rest_route=\/wp\/v2\/posts\/12540\/revisions"}],"wp:featuredmedia":[{"embeddable":true,"href":"https:\/\/www.radioamigavallenar.cl\/index.php?rest_route=\/wp\/v2\/media\/12541"}],"wp:attachment":[{"href":"https:\/\/www.radioamigavallenar.cl\/index.php?rest_route=%2Fwp%2Fv2%2Fmedia&parent=12540"}],"wp:term":[{"taxonomy":"category","embeddable":true,"href":"https:\/\/www.radioamigavallenar.cl\/index.php?rest_route=%2Fwp%2Fv2%2Fcategories&post=12540"},{"taxonomy":"post_tag","embeddable":true,"href":"https:\/\/www.radioamigavallenar.cl\/index.php?rest_route=%2Fwp%2Fv2%2Ftags&post=12540"}],"curies":[{"name":"wp","href":"https:\/\/api.w.org\/{rel}","templated":true}]}}