{"id":12453,"date":"2018-12-04T06:00:56","date_gmt":"2018-12-04T09:00:56","guid":{"rendered":"https:\/\/www.radioamigavallenar.cl\/?p=12453"},"modified":"2018-12-04T10:28:16","modified_gmt":"2018-12-04T13:28:16","slug":"senadora-provoste-lamento-salida-de-vicepresidente-de-enami","status":"publish","type":"post","link":"https:\/\/www.radioamigavallenar.cl\/?p=12453","title":{"rendered":"Senadora Provoste lament\u00f3 salida de vicepresidente de Enami"},"content":{"rendered":"<p><a href=\"https:\/\/www.radioamigavallenar.cl\/wp-content\/uploads\/2018\/12\/Enami.jpg\"><img loading=\"lazy\" decoding=\"async\" class=\"size-medium wp-image-12454 aligncenter\" src=\"https:\/\/www.radioamigavallenar.cl\/wp-content\/uploads\/2018\/12\/Enami-300x200.jpg\" alt=\"\" width=\"300\" height=\"200\" srcset=\"https:\/\/www.radioamigavallenar.cl\/wp-content\/uploads\/2018\/12\/Enami-300x200.jpg 300w, https:\/\/www.radioamigavallenar.cl\/wp-content\/uploads\/2018\/12\/Enami.jpg 700w\" sizes=\"auto, (max-width: 300px) 100vw, 300px\" \/><\/a><\/p>\n<p style=\"font-weight: 400;\">La senadora Yasna Provoste, presidenta de la comisi\u00f3n de Miner\u00eda del Senado, lament\u00f3 la inesperada renuncia del vicepresidente de ENAMI Andr\u00e9 Sougarret, conocida en el d\u00eda de hoy a trav\u00e9s de los medios de comunicaci\u00f3n, se\u00f1alando \u201ces necesario reconocer la capacidad de escuchar que tuvo el ex vicepresidente y de acoger las preocupaciones de los peque\u00f1os mineros\u201d;\u00a0\u00a0y agreg\u00f3 que \u201cde hecho estuvo reunido con la coordinadora de los peque\u00f1os mineros, el pasado 23 de noviembre en la ciudad de Copiap\u00f3. Los escuch\u00f3 con mucho inter\u00e9s y asumi\u00f3 el compromiso a trabajar en los problemas que aquejan al sector\u201d.<\/p>\n<p style=\"font-weight: 400;\">Asimismo, la legisladora manifest\u00f3 que esperaba \u201cque los compromisos asumidos por Sougarret\u00a0 sean cumplidos por quienes le sucedan en sus funciones. Entre ellos,\u00a0la modernizaci\u00f3n de la\u00a0Fundici\u00f3n Hern\u00e1n Videla Lira, con el fin de que alcance los est\u00e1ndares medioambientales\u00a0que, a su vez, hagan posible que la fundici\u00f3n mejore los servicios a los peque\u00f1os y medianos mineros de modo que su producto final sea comercializable internacionalmente; los acuerdos para incorporar activamente a los peque\u00f1os mineros a trav\u00e9s de la coordinadora para revisar la fijaci\u00f3n de la maquila e introducir mayor transparencia y justicia en los procesos de ENAMI; \u00a0dar trato preferencial a los mineros habituales o hist\u00f3ricos; entregar mayores recursos para el fomento, y mejorar la velocidad\u00a0\u00a0de todos los procesos vinculados a la miner\u00eda del oro\u201d.<\/p>\n","protected":false},"excerpt":{"rendered":"<p>La senadora Yasna Provoste, presidenta de la comisi\u00f3n de Miner\u00eda del Senado, lament\u00f3 la inesperada renuncia del vicepresidente de ENAMI Andr\u00e9 Sougarret, conocida en el&hellip; <\/p>\n","protected":false},"author":2,"featured_media":12454,"comment_status":"open","ping_status":"closed","sticky":false,"template":"","format":"standard","meta":{"footnotes":""},"categories":[2],"tags":[],"class_list":["post-12453","post","type-post","status-publish","format-standard","has-post-thumbnail","hentry","category-vallenar"],"_links":{"self":[{"href":"https:\/\/www.radioamigavallenar.cl\/index.php?rest_route=\/wp\/v2\/posts\/12453","targetHints":{"allow":["GET"]}}],"collection":[{"href":"https:\/\/www.radioamigavallenar.cl\/index.php?rest_route=\/wp\/v2\/posts"}],"about":[{"href":"https:\/\/www.radioamigavallenar.cl\/index.php?rest_route=\/wp\/v2\/types\/post"}],"author":[{"embeddable":true,"href":"https:\/\/www.radioamigavallenar.cl\/index.php?rest_route=\/wp\/v2\/users\/2"}],"replies":[{"embeddable":true,"href":"https:\/\/www.radioamigavallenar.cl\/index.php?rest_route=%2Fwp%2Fv2%2Fcomments&post=12453"}],"version-history":[{"count":0,"href":"https:\/\/www.radioamigavallenar.cl\/index.php?rest_route=\/wp\/v2\/posts\/12453\/revisions"}],"wp:featuredmedia":[{"embeddable":true,"href":"https:\/\/www.radioamigavallenar.cl\/index.php?rest_route=\/wp\/v2\/media\/12454"}],"wp:attachment":[{"href":"https:\/\/www.radioamigavallenar.cl\/index.php?rest_route=%2Fwp%2Fv2%2Fmedia&parent=12453"}],"wp:term":[{"taxonomy":"category","embeddable":true,"href":"https:\/\/www.radioamigavallenar.cl\/index.php?rest_route=%2Fwp%2Fv2%2Fcategories&post=12453"},{"taxonomy":"post_tag","embeddable":true,"href":"https:\/\/www.radioamigavallenar.cl\/index.php?rest_route=%2Fwp%2Fv2%2Ftags&post=12453"}],"curies":[{"name":"wp","href":"https:\/\/api.w.org\/{rel}","templated":true}]}}