{"id":12437,"date":"2018-12-04T09:55:36","date_gmt":"2018-12-04T12:55:36","guid":{"rendered":"https:\/\/www.radioamigavallenar.cl\/?p=12437"},"modified":"2018-12-04T09:55:36","modified_gmt":"2018-12-04T12:55:36","slug":"senadora-yasna-provoste-manifesto-su-rechazo-ante-despidos-de-funcionarios-publicos-de-atacama","status":"publish","type":"post","link":"https:\/\/www.radioamigavallenar.cl\/?p=12437","title":{"rendered":"Senadora Yasna Provoste manifest\u00f3 su rechaz\u00f3 ante despidos de funcionarios p\u00fablicos de Atacama"},"content":{"rendered":"<p><a href=\"https:\/\/www.radioamigavallenar.cl\/wp-content\/uploads\/2018\/09\/Provoste.jpg\"><img loading=\"lazy\" decoding=\"async\" class=\"size-medium wp-image-11622 aligncenter\" src=\"https:\/\/www.radioamigavallenar.cl\/wp-content\/uploads\/2018\/09\/Provoste-300x200.jpg\" alt=\"\" width=\"300\" height=\"200\" \/><\/a><\/p>\n<p style=\"font-weight: 400;\">La senadora Yasna Provoste, rechaz\u00f3 los despidos que se registran en el sector p\u00fablico en la regi\u00f3n de\u00a0Atacama, asegurando que es hora de avanzar hacia\u00a0\u201cuna nueva relaci\u00f3n laboral con los trabajadores\u201d, sin que prime la incertidumbre a partir de un cambio de administraci\u00f3n.<\/p>\n<p style=\"font-weight: 400;\">A ra\u00edz de una serie de despidos de funcionarios p\u00fablicos conocidos durante los\u00a0\u00faltimos d\u00edas, la senadora Provoste\u00a0manifest\u00f3\u00a0su \u201cpreocupaci\u00f3n y solidaridad con los trabajadores p\u00fablicos despedidos, con sus familias as\u00ed como tambi\u00e9n con las Asociaciones de Funcionarios de las reparticiones donde se han conocido las desvinculaciones\u201d.<\/p>\n<p style=\"font-weight: 400;\">\u201cEs tiempo de iniciar una nueva relaci\u00f3n laboral con los trabajadores del sector p\u00fablico, para que en Chile no se instale la pol\u00edtica de la incertidumbre en materia laboral\u201d, se\u00f1al\u00f3.<\/p>\n<p style=\"font-weight: 400;\">Asimismo, la legisladora dijo que\u00a0\u201cuna cosa son los cargos de confianza y otra es la carrera funcionaria, con trabajadores que han dedicado su vida al servicio p\u00fablico,\u00a0\u00a0y quienes necesitan estabilidad, continuidad y proyecci\u00f3n para realizar sus funciones\u201d.<\/p>\n<p style=\"font-weight: 400;\">La parlamentaria, adem\u00e1s, dijo esperar que no se generen m\u00e1s despidos, y solidariz\u00f3 con los gremios de trabajadores que se han movilizado denunciando las desvinculaciones de funcionarios en las distintas reparticiones.<\/p>\n<p style=\"font-weight: 400;\">\u201cEl Gobierno no tiene buenas cifras en materia de empleo en la regi\u00f3n y tampoco en el resto de Chile, como para que se contribuya engros\u00e1ndolas con despidos de funcionarios\u201d, asever\u00f3<\/p>\n","protected":false},"excerpt":{"rendered":"<p>La senadora Yasna Provoste, rechaz\u00f3 los despidos que se registran en el sector p\u00fablico en la regi\u00f3n de\u00a0Atacama, asegurando que es hora de avanzar hacia\u00a0\u201cuna&hellip; <\/p>\n","protected":false},"author":2,"featured_media":0,"comment_status":"open","ping_status":"closed","sticky":false,"template":"","format":"standard","meta":{"footnotes":""},"categories":[7],"tags":[],"class_list":["post-12437","post","type-post","status-publish","format-standard","hentry","category-atacama"],"_links":{"self":[{"href":"https:\/\/www.radioamigavallenar.cl\/index.php?rest_route=\/wp\/v2\/posts\/12437","targetHints":{"allow":["GET"]}}],"collection":[{"href":"https:\/\/www.radioamigavallenar.cl\/index.php?rest_route=\/wp\/v2\/posts"}],"about":[{"href":"https:\/\/www.radioamigavallenar.cl\/index.php?rest_route=\/wp\/v2\/types\/post"}],"author":[{"embeddable":true,"href":"https:\/\/www.radioamigavallenar.cl\/index.php?rest_route=\/wp\/v2\/users\/2"}],"replies":[{"embeddable":true,"href":"https:\/\/www.radioamigavallenar.cl\/index.php?rest_route=%2Fwp%2Fv2%2Fcomments&post=12437"}],"version-history":[{"count":0,"href":"https:\/\/www.radioamigavallenar.cl\/index.php?rest_route=\/wp\/v2\/posts\/12437\/revisions"}],"wp:attachment":[{"href":"https:\/\/www.radioamigavallenar.cl\/index.php?rest_route=%2Fwp%2Fv2%2Fmedia&parent=12437"}],"wp:term":[{"taxonomy":"category","embeddable":true,"href":"https:\/\/www.radioamigavallenar.cl\/index.php?rest_route=%2Fwp%2Fv2%2Fcategories&post=12437"},{"taxonomy":"post_tag","embeddable":true,"href":"https:\/\/www.radioamigavallenar.cl\/index.php?rest_route=%2Fwp%2Fv2%2Ftags&post=12437"}],"curies":[{"name":"wp","href":"https:\/\/api.w.org\/{rel}","templated":true}]}}