{"id":12433,"date":"2018-12-04T06:10:45","date_gmt":"2018-12-04T09:10:45","guid":{"rendered":"https:\/\/www.radioamigavallenar.cl\/?p=12433"},"modified":"2018-12-04T09:51:25","modified_gmt":"2018-12-04T12:51:25","slug":"copiapo-sujeto-que-baleo-a-adolescente-quedo-en-prision-preventiva","status":"publish","type":"post","link":"https:\/\/www.radioamigavallenar.cl\/?p=12433","title":{"rendered":"Copiap\u00f3: Sujeto que bale\u00f3 a adolescente qued\u00f3 en prisi\u00f3n preventiva"},"content":{"rendered":"<figure id=\"attachment_12434\" aria-describedby=\"caption-attachment-12434\" style=\"width: 300px\" class=\"wp-caption aligncenter\"><a href=\"https:\/\/www.radioamigavallenar.cl\/wp-content\/uploads\/2018\/12\/Urgencia-Cppo.jpg\"><img loading=\"lazy\" decoding=\"async\" class=\"size-medium wp-image-12434\" src=\"https:\/\/www.radioamigavallenar.cl\/wp-content\/uploads\/2018\/12\/Urgencia-Cppo-300x227.jpg\" alt=\"\" width=\"300\" height=\"227\" srcset=\"https:\/\/www.radioamigavallenar.cl\/wp-content\/uploads\/2018\/12\/Urgencia-Cppo-300x227.jpg 300w, https:\/\/www.radioamigavallenar.cl\/wp-content\/uploads\/2018\/12\/Urgencia-Cppo.jpg 700w\" sizes=\"auto, (max-width: 300px) 100vw, 300px\" \/><\/a><figcaption id=\"caption-attachment-12434\" class=\"wp-caption-text\">Hospital San Jos\u00e9 del Carmen de Copiap\u00f3. (Foto: Enrique Barrera)<\/figcaption><\/figure>\n<p>Con la medida cautelar de prisi\u00f3n preventiva termin\u00f3 un hombre que le dispar\u00f3 a una adolescente en la poblaci\u00f3n Rosario, en la comuna de Copiap\u00f3. Seg\u00fan inform\u00f3 el\u00a0Diario de Atacama, los antecedentes expuestos en la primera etapa de investigaci\u00f3n, dan cuenta que la v\u00edctima caminaba junto a su amiga cuando fue abordada por el imputado, quien tras una discusi\u00f3n, fue hasta un veh\u00edculo donde extrajo un arma de fuego y le dispar\u00f3 en el brazo.<\/p>\n<p>La joven fue trasladada al Hospital Regional, donde se constat\u00f3 que ten\u00eda una lesi\u00f3n de car\u00e1cter leve. El fiscal de turno tom\u00f3 conocimiento de los hechos y solicit\u00f3 a los detectives de la Brigada de Homicidios (BH) de la PDI Copiap\u00f3 realizar las diligencias indagatorias a fin de esclarecer lo sucedido.<\/p>\n<p>Al llegar al domicilio del imputado y con la respectiva autorizaci\u00f3n, los detectives ingresaron al domicilio para detenerlo por el delito de homicidio frustrado. Asimismo, al revisar la vivienda, se encontraron cinco municiones y 77,51 gramos de coca\u00edna base, adem\u00e1s se hallaron 56 mil pesos en efectivo, los que fueron incautados por los efectivos policiales.<\/p>\n<p>El hombre pas\u00f3 a control de detenci\u00f3n y fue formalizado por el delito de homicidio frustrado, tr\u00e1fico de drogas en peque\u00f1as cantidades y porte de municiones sin justificaci\u00f3n. En la audiencia, el Ministerio P\u00fablico solicit\u00f3 la medida cautelar de prisi\u00f3n preventiva para el imputado por ser este un peligro para la seguridad de la sociedad.Dicha solicitud fue acogida por el Juez de Turno, quien estableci\u00f3 adem\u00e1s un plazo de investigaci\u00f3n de cuatro meses.<\/p>\n<p>Fuente: SoyCopiapo.cl<\/p>\n","protected":false},"excerpt":{"rendered":"<p>Con la medida cautelar de prisi\u00f3n preventiva termin\u00f3 un hombre que le dispar\u00f3 a una adolescente en la poblaci\u00f3n Rosario, en la comuna de Copiap\u00f3.&hellip; <\/p>\n","protected":false},"author":2,"featured_media":12434,"comment_status":"open","ping_status":"closed","sticky":false,"template":"","format":"standard","meta":{"footnotes":""},"categories":[6],"tags":[],"class_list":["post-12433","post","type-post","status-publish","format-standard","has-post-thumbnail","hentry","category-policial"],"_links":{"self":[{"href":"https:\/\/www.radioamigavallenar.cl\/index.php?rest_route=\/wp\/v2\/posts\/12433","targetHints":{"allow":["GET"]}}],"collection":[{"href":"https:\/\/www.radioamigavallenar.cl\/index.php?rest_route=\/wp\/v2\/posts"}],"about":[{"href":"https:\/\/www.radioamigavallenar.cl\/index.php?rest_route=\/wp\/v2\/types\/post"}],"author":[{"embeddable":true,"href":"https:\/\/www.radioamigavallenar.cl\/index.php?rest_route=\/wp\/v2\/users\/2"}],"replies":[{"embeddable":true,"href":"https:\/\/www.radioamigavallenar.cl\/index.php?rest_route=%2Fwp%2Fv2%2Fcomments&post=12433"}],"version-history":[{"count":0,"href":"https:\/\/www.radioamigavallenar.cl\/index.php?rest_route=\/wp\/v2\/posts\/12433\/revisions"}],"wp:featuredmedia":[{"embeddable":true,"href":"https:\/\/www.radioamigavallenar.cl\/index.php?rest_route=\/wp\/v2\/media\/12434"}],"wp:attachment":[{"href":"https:\/\/www.radioamigavallenar.cl\/index.php?rest_route=%2Fwp%2Fv2%2Fmedia&parent=12433"}],"wp:term":[{"taxonomy":"category","embeddable":true,"href":"https:\/\/www.radioamigavallenar.cl\/index.php?rest_route=%2Fwp%2Fv2%2Fcategories&post=12433"},{"taxonomy":"post_tag","embeddable":true,"href":"https:\/\/www.radioamigavallenar.cl\/index.php?rest_route=%2Fwp%2Fv2%2Ftags&post=12433"}],"curies":[{"name":"wp","href":"https:\/\/api.w.org\/{rel}","templated":true}]}}