{"id":12430,"date":"2018-12-04T06:30:39","date_gmt":"2018-12-04T09:30:39","guid":{"rendered":"https:\/\/www.radioamigavallenar.cl\/?p=12430"},"modified":"2018-12-04T09:46:16","modified_gmt":"2018-12-04T12:46:16","slug":"detenido-conductor-que-dio-muerte-a-ciclista-en-camino-costero-de-huasco","status":"publish","type":"post","link":"https:\/\/www.radioamigavallenar.cl\/?p=12430","title":{"rendered":"Detenido conductor que dio muerte a ciclista en camino costero de Huasco"},"content":{"rendered":"<p><a href=\"https:\/\/www.radioamigavallenar.cl\/wp-content\/uploads\/2018\/12\/detenido-vallenar.jpeg\"><img loading=\"lazy\" decoding=\"async\" class=\"size-medium wp-image-12431 aligncenter\" src=\"https:\/\/www.radioamigavallenar.cl\/wp-content\/uploads\/2018\/12\/detenido-vallenar-300x169.jpeg\" alt=\"\" width=\"300\" height=\"169\" srcset=\"https:\/\/www.radioamigavallenar.cl\/wp-content\/uploads\/2018\/12\/detenido-vallenar-300x169.jpeg 300w, https:\/\/www.radioamigavallenar.cl\/wp-content\/uploads\/2018\/12\/detenido-vallenar.jpeg 700w\" sizes=\"auto, (max-width: 300px) 100vw, 300px\" \/><\/a><\/p>\n<p>Detectives de la PDI de Vallenar detuvieron a un sujeto de 24 a\u00f1os,\u00a0 por los delitos flagrantes de Conducci\u00f3n Bajo la Influencia del Alcohol\u00a0 y provocando la muerte adem\u00e1s de marcharse del Sitio del Suceso sin Prestar Auxilio a la V\u00edctima.<\/p>\n<p>Por instrucci\u00f3n del fiscal de Freirina Jorge Hern\u00e1ndez, detectives se trasladaron hasta la ruta C-470 camino a Tres Playitas en la comuna de Huasco donde se encontraba un cuerpo sin vida con claros indicios de haber sido atropellado. Una vez terminada la inspecci\u00f3n en el lugar, los detectives tomaron declaraci\u00f3n a una testigo del accidente quien se\u00f1al\u00f3 que mientras iba de copiloto en el veh\u00edculo de su pareja se percat\u00f3 que un autom\u00f3vil con ciertas caracter\u00edsticas los adelant\u00f3, en un lugar no permitido y al querer pasar a otros dos veh\u00edculos observ\u00f3 que una persona salt\u00f3 por el parabrisas d\u00e1ndose de inmediato a la fuga, a gran velocidad.<\/p>\n<p>Conforme a los antecedentes, los detectives se trasladaron hasta Huasco Bajo donde se tom\u00f3 contacto con la madre y con la pareja del detenido, lo que permiti\u00f3 que \u00e9ste se presentara voluntariamente en el cuartel policial de Vallenar. Se estableci\u00f3 que el d\u00eda domingo, el imputado se reuni\u00f3 con amigos en su casa para compartir de un asado y posteriormente se trasladaron a diferentes playas de la Provincia, sin embargo, fue de regreso a Huasco Bajo donde impactaron a la v\u00edctima que se trasladaba en bicicleta con chaleco reflectante, provoc\u00e1ndole la muerte.<\/p>\n<p>El imputado fue puesto a disposici\u00f3n del Juzgado de Garant\u00eda de Freirina, para la audiencia de control de detenci\u00f3n.<\/p>\n","protected":false},"excerpt":{"rendered":"<p>Detectives de la PDI de Vallenar detuvieron a un sujeto de 24 a\u00f1os,\u00a0 por los delitos flagrantes de Conducci\u00f3n Bajo la Influencia del Alcohol\u00a0 y&hellip; <\/p>\n","protected":false},"author":2,"featured_media":12431,"comment_status":"open","ping_status":"closed","sticky":false,"template":"","format":"standard","meta":{"footnotes":""},"categories":[6],"tags":[],"class_list":["post-12430","post","type-post","status-publish","format-standard","has-post-thumbnail","hentry","category-policial"],"_links":{"self":[{"href":"https:\/\/www.radioamigavallenar.cl\/index.php?rest_route=\/wp\/v2\/posts\/12430","targetHints":{"allow":["GET"]}}],"collection":[{"href":"https:\/\/www.radioamigavallenar.cl\/index.php?rest_route=\/wp\/v2\/posts"}],"about":[{"href":"https:\/\/www.radioamigavallenar.cl\/index.php?rest_route=\/wp\/v2\/types\/post"}],"author":[{"embeddable":true,"href":"https:\/\/www.radioamigavallenar.cl\/index.php?rest_route=\/wp\/v2\/users\/2"}],"replies":[{"embeddable":true,"href":"https:\/\/www.radioamigavallenar.cl\/index.php?rest_route=%2Fwp%2Fv2%2Fcomments&post=12430"}],"version-history":[{"count":0,"href":"https:\/\/www.radioamigavallenar.cl\/index.php?rest_route=\/wp\/v2\/posts\/12430\/revisions"}],"wp:featuredmedia":[{"embeddable":true,"href":"https:\/\/www.radioamigavallenar.cl\/index.php?rest_route=\/wp\/v2\/media\/12431"}],"wp:attachment":[{"href":"https:\/\/www.radioamigavallenar.cl\/index.php?rest_route=%2Fwp%2Fv2%2Fmedia&parent=12430"}],"wp:term":[{"taxonomy":"category","embeddable":true,"href":"https:\/\/www.radioamigavallenar.cl\/index.php?rest_route=%2Fwp%2Fv2%2Fcategories&post=12430"},{"taxonomy":"post_tag","embeddable":true,"href":"https:\/\/www.radioamigavallenar.cl\/index.php?rest_route=%2Fwp%2Fv2%2Ftags&post=12430"}],"curies":[{"name":"wp","href":"https:\/\/api.w.org\/{rel}","templated":true}]}}