{"id":12426,"date":"2018-12-04T06:00:19","date_gmt":"2018-12-04T09:00:19","guid":{"rendered":"https:\/\/www.radioamigavallenar.cl\/?p=12426"},"modified":"2018-12-04T09:43:19","modified_gmt":"2018-12-04T12:43:19","slug":"colision-multiple-termino-con-una-camioneta-incrustada-en-la-puerta-de-la-iglesia-san-ambrosio-de-vallenar","status":"publish","type":"post","link":"https:\/\/www.radioamigavallenar.cl\/?p=12426","title":{"rendered":"Colisi\u00f3n m\u00faltiple termin\u00f3 con una camioneta incrustada en la puerta de la iglesia San Ambrosio de Vallenar"},"content":{"rendered":"<p><a href=\"https:\/\/www.radioamigavallenar.cl\/wp-content\/uploads\/2018\/12\/acidente-iglesia.jpeg\"><img loading=\"lazy\" decoding=\"async\" class=\"size-medium wp-image-12427 aligncenter\" src=\"https:\/\/www.radioamigavallenar.cl\/wp-content\/uploads\/2018\/12\/acidente-iglesia-300x202.jpeg\" alt=\"\" width=\"300\" height=\"202\" srcset=\"https:\/\/www.radioamigavallenar.cl\/wp-content\/uploads\/2018\/12\/acidente-iglesia-300x202.jpeg 300w, https:\/\/www.radioamigavallenar.cl\/wp-content\/uploads\/2018\/12\/acidente-iglesia.jpeg 700w\" sizes=\"auto, (max-width: 300px) 100vw, 300px\" \/><\/a><\/p>\n<p>Pasadas las 12:30 horas de este lunes, un grave accidente vehicular se registr\u00f3 en pleno centro de la comuna de Vallenar. Se trata de una colisi\u00f3n m\u00faltiple que termin\u00f3 con una camioneta incrustada en una puerta lateral de la iglesia San Ambrosio.<\/p>\n<p>En el lugar y por causas que se investigan, el conductor de una camioneta roja perdi\u00f3 el control del veh\u00edculo, pas\u00f3 a llevar a cinco veh\u00edculos estacionados y termin\u00f3 impactando la puerta lateral de la iglesia. Al respecto, el alcalde de Vallenar, Cristian Tapia, indic\u00f3 que \u201cseg\u00fan los testigos, una persecuci\u00f3n que le hicieron a esta camioneta roja de parte de un Kia cerato azul, le quebraron el parabrisas a la camioneta roja y luego le quebraron los vidrios laterales, y le dieron estocadas con arma blanca al conductor de la camioneta roja, que en estos momentos se lo llevan justamente al hospital\u201d.<\/p>\n<p>El jefe comunal agreg\u00f3 que \u201clo que aqu\u00ed se comenta por parte de quienes fueron testigos, que aqu\u00ed hay un tema de droga y eso fue ocasi\u00f3n para la cual hubo esta ri\u00f1a, si se puede decir, ri\u00f1a entre dos veh\u00edculos que afect\u00f3 a unos cinco o seis veh\u00edculos en el sector\u201d.Por su parte, el p\u00e1rroco de la iglesia, conocido como el Padre Mario Campillay, aun no pod\u00eda salir de la sorpresa que le produjo el incidente.<\/p>\n<p>\u201cNo s\u00e9 cu\u00e1nto ser\u00e1 el da\u00f1o, pero est\u00e1 metida la camioneta dentro de la iglesia, seguro que la Santa Teresita la rompi\u00f3 y es una puerta lateral izquierda\u201d, y a\u00f1adi\u00f3 que \u201chabr\u00eda que evaluar cuanto es el da\u00f1o y lo que hay que hacer, no s\u00e9 mucho pero voy a pedir un poco de orientaci\u00f3n tambi\u00e9n\u201d.<\/p>\n<p>El edil de la comuna tom\u00f3 contacto con el fiscal, carabineros y la PDI, a fin que puedan investigar y aclarar las circunstancias bajo las cuales se produjo este grave accidente vehicular.<\/p>\n<p>Fuente: soychile.cl<\/p>\n","protected":false},"excerpt":{"rendered":"<p>Pasadas las 12:30 horas de este lunes, un grave accidente vehicular se registr\u00f3 en pleno centro de la comuna de Vallenar. Se trata de una&hellip; <\/p>\n","protected":false},"author":2,"featured_media":12427,"comment_status":"open","ping_status":"closed","sticky":false,"template":"","format":"standard","meta":{"footnotes":""},"categories":[6],"tags":[],"class_list":["post-12426","post","type-post","status-publish","format-standard","has-post-thumbnail","hentry","category-policial"],"_links":{"self":[{"href":"https:\/\/www.radioamigavallenar.cl\/index.php?rest_route=\/wp\/v2\/posts\/12426","targetHints":{"allow":["GET"]}}],"collection":[{"href":"https:\/\/www.radioamigavallenar.cl\/index.php?rest_route=\/wp\/v2\/posts"}],"about":[{"href":"https:\/\/www.radioamigavallenar.cl\/index.php?rest_route=\/wp\/v2\/types\/post"}],"author":[{"embeddable":true,"href":"https:\/\/www.radioamigavallenar.cl\/index.php?rest_route=\/wp\/v2\/users\/2"}],"replies":[{"embeddable":true,"href":"https:\/\/www.radioamigavallenar.cl\/index.php?rest_route=%2Fwp%2Fv2%2Fcomments&post=12426"}],"version-history":[{"count":0,"href":"https:\/\/www.radioamigavallenar.cl\/index.php?rest_route=\/wp\/v2\/posts\/12426\/revisions"}],"wp:featuredmedia":[{"embeddable":true,"href":"https:\/\/www.radioamigavallenar.cl\/index.php?rest_route=\/wp\/v2\/media\/12427"}],"wp:attachment":[{"href":"https:\/\/www.radioamigavallenar.cl\/index.php?rest_route=%2Fwp%2Fv2%2Fmedia&parent=12426"}],"wp:term":[{"taxonomy":"category","embeddable":true,"href":"https:\/\/www.radioamigavallenar.cl\/index.php?rest_route=%2Fwp%2Fv2%2Fcategories&post=12426"},{"taxonomy":"post_tag","embeddable":true,"href":"https:\/\/www.radioamigavallenar.cl\/index.php?rest_route=%2Fwp%2Fv2%2Ftags&post=12426"}],"curies":[{"name":"wp","href":"https:\/\/api.w.org\/{rel}","templated":true}]}}