{"id":1196,"date":"2016-06-23T11:17:07","date_gmt":"2016-06-23T14:17:07","guid":{"rendered":"http:\/\/www.radioamigavallenar.cl\/?p=1196"},"modified":"2016-06-23T11:17:07","modified_gmt":"2016-06-23T14:17:07","slug":"invitan-a-participar-de-escuela-de-gestion-para-personas-en-situacion-de-discapacidad","status":"publish","type":"post","link":"https:\/\/www.radioamigavallenar.cl\/?p=1196","title":{"rendered":"Invitan a participar de escuela de gesti\u00f3n para personas en situaci\u00f3n de discapacidad"},"content":{"rendered":"<p style=\"text-align: justify;\"><a href=\"http:\/\/www.radioamigavallenar.cl\/wp-content\/uploads\/2016\/06\/Afiche-inclusion.jpg\"><img loading=\"lazy\" decoding=\"async\" class=\" size-medium wp-image-1197 aligncenter\" src=\"http:\/\/www.radioamigavallenar.cl\/wp-content\/uploads\/2016\/06\/Afiche-inclusion-300x238.jpg\" alt=\"Afiche inclusion\" width=\"300\" height=\"238\" srcset=\"https:\/\/www.radioamigavallenar.cl\/wp-content\/uploads\/2016\/06\/Afiche-inclusion-300x238.jpg 300w, https:\/\/www.radioamigavallenar.cl\/wp-content\/uploads\/2016\/06\/Afiche-inclusion.jpg 700w\" sizes=\"auto, (max-width: 300px) 100vw, 300px\" \/><\/a><\/p>\n<p style=\"text-align: justify;\">Un interesante taller de inclusi\u00f3n se est\u00e1 llevando a efecto en Vallenar. Se trata de la \u00abEscuela de Gesti\u00f3n Social y Territorial para personas en situaci\u00f3n de discapacidad\u00bb.<\/p>\n<p style=\"text-align: justify;\">Es por eso que, en el contexto del desarrollo de la Estrategia de Desarrollo Local Inclusivo &#8211; EDLI -, se invita\u00a0a todas la personas, familiares, amigos, cuidadores y agrupaciones de personas en situaci\u00f3n de discapacidad a la realizaci\u00f3n de la ESCUELA DE GESTI\u00d3N SOCIAL Y TERRITORIAL.<\/p>\n<p style=\"text-align: justify;\">Cabe destacar que esta es una instancia \u00fanica en la regi\u00f3n que tiene como objetivo <strong>capacitar y fomentar la formaci\u00f3n de l\u00edderes<\/strong> de las organizaciones de personas en situaci\u00f3n de discapacidad.<\/p>\n<p style=\"text-align: justify;\">Esta oportunidad facilitar\u00e1 las herramientas necesarias, que les permita a los asistentes optar a: \u00a0<strong>proyectos, fondos concursables, gesti\u00f3n territorial,<\/strong> as\u00ed como tambi\u00e9n adquirir conocimientos en aspectos jur\u00eddicos en tem\u00e1tica de discapacidad y organizaciones sociales.<\/p>\n<p style=\"text-align: justify;\">El taller se realizar\u00e1 <strong>TODOS LOS MARTES Y JUEVES<\/strong> desde el 21 de Junio al 15 de Julio, en horarios de <strong>10:00 am. a 14:00 pm<\/strong>., en las dependencias de la Universidad de Atacama, Campus costanera (Av. Matta) en la sala N\u00b0 1.<\/p>\n<p style=\"text-align: justify;\">La actividad se enfoca en favorecer la inclusi\u00f3n efectiva de las personas en situaci\u00f3n de discapacidad, pues esta es la oportunidad de construir una regi\u00f3n inclusiva y que sea un ejemplo para las otras comunas del pa\u00eds.<\/p>\n<p style=\"text-align: justify;\">Para inscribirse y confirmar asistencia, se debe acudir al centro comunitario ubicado en Erasmo Escala #420 esquina Merced o tambi\u00e9n puede hacerlo llamando al fono <strong>994769338<\/strong>. Al finalizar, se entregar\u00e1 certificado de participaci\u00f3n en esta importante actividad.<\/p>\n<p style=\"text-align: justify;\">Las relatoras son la Terapeuta Ocupacional Samanta Rolack y la Psic\u00f3loga Mar\u00eda Paz Villegas.<\/p>\n","protected":false},"excerpt":{"rendered":"<p>Un interesante taller de inclusi\u00f3n se est\u00e1 llevando a efecto en Vallenar. Se trata de la \u00abEscuela de Gesti\u00f3n Social y Territorial para personas en&hellip; <\/p>\n","protected":false},"author":2,"featured_media":1197,"comment_status":"open","ping_status":"closed","sticky":false,"template":"","format":"standard","meta":{"footnotes":""},"categories":[2],"tags":[],"class_list":["post-1196","post","type-post","status-publish","format-standard","has-post-thumbnail","hentry","category-vallenar"],"_links":{"self":[{"href":"https:\/\/www.radioamigavallenar.cl\/index.php?rest_route=\/wp\/v2\/posts\/1196","targetHints":{"allow":["GET"]}}],"collection":[{"href":"https:\/\/www.radioamigavallenar.cl\/index.php?rest_route=\/wp\/v2\/posts"}],"about":[{"href":"https:\/\/www.radioamigavallenar.cl\/index.php?rest_route=\/wp\/v2\/types\/post"}],"author":[{"embeddable":true,"href":"https:\/\/www.radioamigavallenar.cl\/index.php?rest_route=\/wp\/v2\/users\/2"}],"replies":[{"embeddable":true,"href":"https:\/\/www.radioamigavallenar.cl\/index.php?rest_route=%2Fwp%2Fv2%2Fcomments&post=1196"}],"version-history":[{"count":0,"href":"https:\/\/www.radioamigavallenar.cl\/index.php?rest_route=\/wp\/v2\/posts\/1196\/revisions"}],"wp:featuredmedia":[{"embeddable":true,"href":"https:\/\/www.radioamigavallenar.cl\/index.php?rest_route=\/wp\/v2\/media\/1197"}],"wp:attachment":[{"href":"https:\/\/www.radioamigavallenar.cl\/index.php?rest_route=%2Fwp%2Fv2%2Fmedia&parent=1196"}],"wp:term":[{"taxonomy":"category","embeddable":true,"href":"https:\/\/www.radioamigavallenar.cl\/index.php?rest_route=%2Fwp%2Fv2%2Fcategories&post=1196"},{"taxonomy":"post_tag","embeddable":true,"href":"https:\/\/www.radioamigavallenar.cl\/index.php?rest_route=%2Fwp%2Fv2%2Ftags&post=1196"}],"curies":[{"name":"wp","href":"https:\/\/api.w.org\/{rel}","templated":true}]}}