{"id":11847,"date":"2018-10-17T06:15:39","date_gmt":"2018-10-17T09:15:39","guid":{"rendered":"https:\/\/www.radioamigavallenar.cl\/?p=11847"},"modified":"2018-10-16T23:27:12","modified_gmt":"2018-10-17T02:27:12","slug":"diputado-santana-pide-medidas-para-la-reactivacion-de-la-pequena-mineria","status":"publish","type":"post","link":"https:\/\/www.radioamigavallenar.cl\/?p=11847","title":{"rendered":"Diputado Santana pide medidas para la reactivaci\u00f3n de la peque\u00f1a miner\u00eda"},"content":{"rendered":"<p><a href=\"https:\/\/www.radioamigavallenar.cl\/wp-content\/uploads\/2018\/10\/pirquineros.jpg\"><img loading=\"lazy\" decoding=\"async\" class=\"size-medium wp-image-11848 aligncenter\" src=\"https:\/\/www.radioamigavallenar.cl\/wp-content\/uploads\/2018\/10\/pirquineros-300x150.jpg\" alt=\"\" width=\"300\" height=\"150\" \/><\/a><\/p>\n<p>El parlamentario por Atacama, Juan Santana, pidi\u00f3 medidas concretas para reactivar la peque\u00f1a miner\u00eda en la regi\u00f3n de Atacama y otras zonas del pa\u00eds, considerando sobre todo las altas tasas de desempleo que existen en el lugar.<\/p>\n<p>Cabe recordar que hoy los pirquineros realizaron una marcha en Copiap\u00f3 solicitando que el Ejecutivo tome cartas en el asunto para reactivar la peque\u00f1a miner\u00eda. \u00a0\u201cSolidarizamos con la movilizaci\u00f3n de los trabajadores de la regi\u00f3n de Atacama y de otros territorios de nuestro pa\u00eds porque sentimos que el gobierno no le ha dado respuesta a una serie de demandas que tienen relaci\u00f3n con facilitar el ejercicio de la actividad en nuestro pa\u00eds\u201d, se\u00f1al\u00f3 el diputado Santana.<\/p>\n<p>Adem\u00e1s, agreg\u00f3 que \u201cen momentos donde Atacama y otras zonas atraviesan un delicado momento econ\u00f3mico y particularmente nuestra regi\u00f3n que tiene una de las tasas m\u00e1s altas de desempleo, creemos que el Ejecutivo debe ver en la peque\u00f1a miner\u00eda un instrumento para poder enfrentar este contexto de desempleo toda vez que entendemos la importancia y la profundidad que tiene esta actividad productiva en nuestra regi\u00f3n\u201d.<\/p>\n<p>Es por esto que el parlamentario hizo un llamado al Estado \u201ca tomar mayor consideraci\u00f3n y flexibilidad con aquellos instrumentos y aquellas exigencias que hoy desde Sernageomin y otras instituciones se les exige a los peque\u00f1os mineros para la realizaci\u00f3n de su actividad\u201d.<\/p>\n<p>\u201cInstrumentos como un plan de explotaci\u00f3n, instrumentos como el plan de cierre, que en otras cosas se traducen justamente en inversi\u00f3n que hoy en d\u00eda nuestros trabajadores no tienen para poder realizar esta actividad\u201d, indic\u00f3 Santana.<\/p>\n<p>Para cerrar, el legislador dijo que \u201cle solicitamos al Ministerio de Miner\u00eda que con el mismo \u00e1nimo que existe con la gran miner\u00eda y con los grandes proyectos mineros de nuestro pa\u00eds, exista tambi\u00e9n con la peque\u00f1a miner\u00eda ese \u00edmpetu para facilitar las cosas y as\u00ed poder dinamizar la econom\u00eda de Atacama y de otras regiones del pa\u00eds\u201d.<\/p>\n","protected":false},"excerpt":{"rendered":"<p>El parlamentario por Atacama, Juan Santana, pidi\u00f3 medidas concretas para reactivar la peque\u00f1a miner\u00eda en la regi\u00f3n de Atacama y otras zonas del pa\u00eds, considerando&hellip; <\/p>\n","protected":false},"author":2,"featured_media":0,"comment_status":"open","ping_status":"closed","sticky":false,"template":"","format":"standard","meta":{"footnotes":""},"categories":[7],"tags":[],"class_list":["post-11847","post","type-post","status-publish","format-standard","hentry","category-atacama"],"_links":{"self":[{"href":"https:\/\/www.radioamigavallenar.cl\/index.php?rest_route=\/wp\/v2\/posts\/11847","targetHints":{"allow":["GET"]}}],"collection":[{"href":"https:\/\/www.radioamigavallenar.cl\/index.php?rest_route=\/wp\/v2\/posts"}],"about":[{"href":"https:\/\/www.radioamigavallenar.cl\/index.php?rest_route=\/wp\/v2\/types\/post"}],"author":[{"embeddable":true,"href":"https:\/\/www.radioamigavallenar.cl\/index.php?rest_route=\/wp\/v2\/users\/2"}],"replies":[{"embeddable":true,"href":"https:\/\/www.radioamigavallenar.cl\/index.php?rest_route=%2Fwp%2Fv2%2Fcomments&post=11847"}],"version-history":[{"count":0,"href":"https:\/\/www.radioamigavallenar.cl\/index.php?rest_route=\/wp\/v2\/posts\/11847\/revisions"}],"wp:attachment":[{"href":"https:\/\/www.radioamigavallenar.cl\/index.php?rest_route=%2Fwp%2Fv2%2Fmedia&parent=11847"}],"wp:term":[{"taxonomy":"category","embeddable":true,"href":"https:\/\/www.radioamigavallenar.cl\/index.php?rest_route=%2Fwp%2Fv2%2Fcategories&post=11847"},{"taxonomy":"post_tag","embeddable":true,"href":"https:\/\/www.radioamigavallenar.cl\/index.php?rest_route=%2Fwp%2Fv2%2Ftags&post=11847"}],"curies":[{"name":"wp","href":"https:\/\/api.w.org\/{rel}","templated":true}]}}