{"id":11757,"date":"2018-10-10T07:15:12","date_gmt":"2018-10-10T10:15:12","guid":{"rendered":"https:\/\/www.radioamigavallenar.cl\/?p=11757"},"modified":"2018-10-10T00:57:43","modified_gmt":"2018-10-10T03:57:43","slug":"varias-son-las-actividades-para-celebrar-un-nuevo-aniversario-de-freirina","status":"publish","type":"post","link":"https:\/\/www.radioamigavallenar.cl\/?p=11757","title":{"rendered":"Varias son las actividades para celebrar un nuevo aniversario de Freirina"},"content":{"rendered":"<p><a href=\"https:\/\/www.radioamigavallenar.cl\/wp-content\/uploads\/2018\/10\/freirina.jpg\"><img loading=\"lazy\" decoding=\"async\" class=\"size-medium wp-image-11758 aligncenter\" src=\"https:\/\/www.radioamigavallenar.cl\/wp-content\/uploads\/2018\/10\/freirina-300x185.jpg\" alt=\"\" width=\"300\" height=\"185\" \/><\/a><\/p>\n<p>Este 20 de octubre, Freirina cumple 266 a\u00f1os de historia desde su fundaci\u00f3n, y por ello, durante esta semana, el alcalde de Freirina Cesar Orellana Orellana, present\u00f3 a la comunidad, un completo y contundente calendario de actividades recreativas, sociales, deportivas, culturales y show en vivo.<\/p>\n<p>\u201cJunto al equipo municipal, sacamos adelante este calendario de actividades que vendr\u00e1 a coronar este aniversario n\u00famero 266 de la comuna de Freirina. Sabemos que la comunidad se organizar\u00e1 se har\u00e1 parte de las diversas actividades preparadas para todos y todas\u201d, explic\u00f3 la primera autoridad comunal.<\/p>\n<p>Al igual que en sus versiones anteriores, para este 2018, destacan actividades como elecci\u00f3n de Reina, el encuentro comunal del programa mujer trabajadora, el tradicional rodeo de burros de la localidad de Carrizalillo, mercadito cultural, la gran Noche Colonial (la que se centrar\u00e1 en la plaza de armas de Freirina), desfile de carros Aleg\u00f3ricos, y los populares carros locos, son algunas de las actividades con continuidad para este mes de octubre.<\/p>\n<p>Adem\u00e1s, se realizar\u00e1n una serie de actividades alusivas a la inclusi\u00f3n y al deporte, destacando un campeonato de rayuela, el cual se efectuara en la plaza de armas con la finalidad de seguir la senda del rescate de las tradiciones.<\/p>\n<p><strong>Aniversario de Freirina <\/strong><\/p>\n<p>El acto principal y desfile de honor en conmemoraci\u00f3n de los 266 a\u00f1os de la comuna de Freirina, se efectuara el d\u00eda s\u00e1bado 20 de octubre a las 18 horas en la plaza de armas y se espera la presencia de organizaciones, establecimientos y agrupaciones que rendir\u00e1n un justo homenaje a la comuna de los monumentos.<\/p>\n<p>Durante el mismo d\u00eda 20 de octubre, se realizar\u00e1 la actividad Homenaje Tesoros Vivos, actividad que se realiza durante 6 a\u00f1os, en donde el alcalde de la comuna, recorre Freirina para destaca y homenajea a las personas con mayor edad y a los reci\u00e9n nacidos en sus domicilios. \u201ces un justo reconocimiento a vecinos que han escrito la historia de esta comuna y sin duda alguna, son nuestros tesoros vivos\u201d. Se\u00f1al\u00f3 Orellana.<\/p>\n<p>Finalmente, desde el municipio, se est\u00e1 haciendo el llamado a todas las mujeres que han sido Reinas de Freirina, a acercarse al departamento de cultura para que puedan participar de un desfile de moda y Homenaje el d\u00eda 12 de octubre de 2018 en el remodelado edificio Los Portales.<\/p>\n","protected":false},"excerpt":{"rendered":"<p>Este 20 de octubre, Freirina cumple 266 a\u00f1os de historia desde su fundaci\u00f3n, y por ello, durante esta semana, el alcalde de Freirina Cesar Orellana&hellip; <\/p>\n","protected":false},"author":2,"featured_media":0,"comment_status":"open","ping_status":"closed","sticky":false,"template":"","format":"standard","meta":{"footnotes":""},"categories":[3],"tags":[],"class_list":["post-11757","post","type-post","status-publish","format-standard","hentry","category-freirina"],"_links":{"self":[{"href":"https:\/\/www.radioamigavallenar.cl\/index.php?rest_route=\/wp\/v2\/posts\/11757","targetHints":{"allow":["GET"]}}],"collection":[{"href":"https:\/\/www.radioamigavallenar.cl\/index.php?rest_route=\/wp\/v2\/posts"}],"about":[{"href":"https:\/\/www.radioamigavallenar.cl\/index.php?rest_route=\/wp\/v2\/types\/post"}],"author":[{"embeddable":true,"href":"https:\/\/www.radioamigavallenar.cl\/index.php?rest_route=\/wp\/v2\/users\/2"}],"replies":[{"embeddable":true,"href":"https:\/\/www.radioamigavallenar.cl\/index.php?rest_route=%2Fwp%2Fv2%2Fcomments&post=11757"}],"version-history":[{"count":0,"href":"https:\/\/www.radioamigavallenar.cl\/index.php?rest_route=\/wp\/v2\/posts\/11757\/revisions"}],"wp:attachment":[{"href":"https:\/\/www.radioamigavallenar.cl\/index.php?rest_route=%2Fwp%2Fv2%2Fmedia&parent=11757"}],"wp:term":[{"taxonomy":"category","embeddable":true,"href":"https:\/\/www.radioamigavallenar.cl\/index.php?rest_route=%2Fwp%2Fv2%2Fcategories&post=11757"},{"taxonomy":"post_tag","embeddable":true,"href":"https:\/\/www.radioamigavallenar.cl\/index.php?rest_route=%2Fwp%2Fv2%2Ftags&post=11757"}],"curies":[{"name":"wp","href":"https:\/\/api.w.org\/{rel}","templated":true}]}}