{"id":11732,"date":"2018-10-09T06:34:34","date_gmt":"2018-10-09T09:34:34","guid":{"rendered":"https:\/\/www.radioamigavallenar.cl\/?p=11732"},"modified":"2018-10-08T18:42:18","modified_gmt":"2018-10-08T21:42:18","slug":"fiscalia-acuso-a-cuatro-ex-carabineros-en-caso-de-muerte-de-pescador-de-caldera","status":"publish","type":"post","link":"https:\/\/www.radioamigavallenar.cl\/?p=11732","title":{"rendered":"Fiscal\u00eda acus\u00f3 a cuatro ex carabineros en caso de muerte de pescador de Caldera"},"content":{"rendered":"<p><a href=\"https:\/\/www.radioamigavallenar.cl\/wp-content\/uploads\/2018\/10\/ALVARO-CORDOVA-CARRE\u00d1O.jpg\"><img loading=\"lazy\" decoding=\"async\" class=\"size-medium wp-image-11733 aligncenter\" src=\"https:\/\/www.radioamigavallenar.cl\/wp-content\/uploads\/2018\/10\/ALVARO-CORDOVA-CARRE\u00d1O-300x200.jpg\" alt=\"\" width=\"300\" height=\"200\" \/><\/a><\/p>\n<p>Este lunes comenz\u00f3 en el Tribunal Oral de Copiap\u00f3 el juicio en contra de cuatro ex funcionarios de Carabineros, quienes fueron investigados y acusados por la Fiscal\u00eda de Atacama por su actuaci\u00f3n en los hechos que derivaron en el fallecimiento de Milton Mondaca Tamblay. Hecho ocurrido en el mes de diciembre del a\u00f1o 2016 en Caldera.<\/p>\n<p>En esta primera jornada, se espera que el juicio se extienda por a lo menos ocho d\u00edas, el fiscal jefe de este puerto y quien desarroll\u00f3 la investigaci\u00f3n, Alvaro C\u00f3rdova Carre\u00f1o, dio cuenta de los alegatos de apertura; ocasi\u00f3n en que mencion\u00f3 que a partir de las declaraci\u00f3n de peritos y testigos, adem\u00e1s de prueba cient\u00edfica que presentar\u00e1 en el desarrollo del Juicio, buscar\u00e1 acreditar la distinta participaci\u00f3n de los cuatro imputados en la causa.<\/p>\n<p>\u201cLa acusaci\u00f3n interpuesta por la Fiscal\u00eda y que fue objeto de la investigaci\u00f3n de este caso apunta acreditar que, primero, se cometi\u00f3 el delito de homicidio y la participaci\u00f3n que cada imputado tuvo. Dentro de lo que ser\u00e1 relevante debatir la cantidad de disparos que se realizaron en el procedimiento para poder evaluar si se est\u00e1 ante un homicidio o bien ante una leg\u00edtima defensa que es la tesis que ha planteado la defensa\u201d, dijo el fiscal C\u00f3rdova.<\/p>\n<p>El persecutor agreg\u00f3 que la misma acusaci\u00f3n da cuenta adem\u00e1s de la participaci\u00f3n de los imputados dirigida a encubrir la actuaci\u00f3n del autor de los disparos, lo que se concret\u00f3 a partir de la falsificaci\u00f3n de distintos documentos p\u00fablicos necesarios para dar cuenta de los hechos que dieron origen a este caso tanto a la Fiscal\u00eda como a los Tribunales.<\/p>\n<p>En relaci\u00f3n al material probatorio C\u00f3rdova inform\u00f3 que se cuenta con la declaraci\u00f3n de 27 testigos y nueve peritajes, cuya presentaci\u00f3n ante los Jueces se ir\u00e1 evaluando de acuerdo al avance del juicio.<\/p>\n<p><strong>EL CASO<\/strong><\/p>\n<p>Los hechos que dieron origen a esta investigaci\u00f3n ocurrieron la noche del 14 de noviembre del a\u00f1o 2016 en Caldera, d\u00eda en que un procedimiento por hechos que alteraban el orden p\u00fablico luego de una discusi\u00f3n de la v\u00edctima de este caso con su conviviente, motiv\u00f3 la concurrencia de personal de Carabineros. Estos, ante las amenazas de agresi\u00f3n de Mondaca Tamblay, fueron por refuerzos al cuartel policial sum\u00e1ndose al procedimiento un funcionario que a la fecha no estaba de servicio y concurri\u00f3 de civil.<\/p>\n<p>De acuerdo a lo conocido en audiencia al regresar el personal al lugar, la v\u00edctima, quien portaba dos tablas en sus manos, se abalanz\u00f3 en contra del personal, momento en que Mondaca Tamblay recibi\u00f3 cinco impactos de bala. Luego de lo cual fue golpeado en su cabeza para finalmente ser esposado y trasladado hasta el consultorio de la comuna, recinto en que finalmente perdi\u00f3 la vida.<\/p>\n<p>Luego de m\u00e1s de un mes de ocurrido el hecho y a partir de la investigaci\u00f3n de la Fiscal\u00eda, surgieron antecedentes respecto de versiones falsas de los funcionarios policiales con la finalidad de ocultar la autor\u00eda de los disparos por parte del funcionario que no estaba de servicio, los que fueron atribuidos a otro que s\u00ed vest\u00eda de uniforme. Adem\u00e1s de suponer la\u00a0existencia de un chaleco antibalas rasgado como evidencia de una agresi\u00f3n del fallecido, lo cual no era efectivo.<\/p>\n<p>De esta manera la acusaci\u00f3n de la Fiscal\u00eda da cuenta de los delitos de homicidio, falsificaci\u00f3n de instrumento p\u00fablico y porte ilegal de arma de fuego.<\/p>\n","protected":false},"excerpt":{"rendered":"<p>Este lunes comenz\u00f3 en el Tribunal Oral de Copiap\u00f3 el juicio en contra de cuatro ex funcionarios de Carabineros, quienes fueron investigados y acusados por&hellip; <\/p>\n","protected":false},"author":2,"featured_media":0,"comment_status":"open","ping_status":"closed","sticky":false,"template":"","format":"standard","meta":{"footnotes":""},"categories":[6],"tags":[],"class_list":["post-11732","post","type-post","status-publish","format-standard","hentry","category-policial"],"_links":{"self":[{"href":"https:\/\/www.radioamigavallenar.cl\/index.php?rest_route=\/wp\/v2\/posts\/11732","targetHints":{"allow":["GET"]}}],"collection":[{"href":"https:\/\/www.radioamigavallenar.cl\/index.php?rest_route=\/wp\/v2\/posts"}],"about":[{"href":"https:\/\/www.radioamigavallenar.cl\/index.php?rest_route=\/wp\/v2\/types\/post"}],"author":[{"embeddable":true,"href":"https:\/\/www.radioamigavallenar.cl\/index.php?rest_route=\/wp\/v2\/users\/2"}],"replies":[{"embeddable":true,"href":"https:\/\/www.radioamigavallenar.cl\/index.php?rest_route=%2Fwp%2Fv2%2Fcomments&post=11732"}],"version-history":[{"count":0,"href":"https:\/\/www.radioamigavallenar.cl\/index.php?rest_route=\/wp\/v2\/posts\/11732\/revisions"}],"wp:attachment":[{"href":"https:\/\/www.radioamigavallenar.cl\/index.php?rest_route=%2Fwp%2Fv2%2Fmedia&parent=11732"}],"wp:term":[{"taxonomy":"category","embeddable":true,"href":"https:\/\/www.radioamigavallenar.cl\/index.php?rest_route=%2Fwp%2Fv2%2Fcategories&post=11732"},{"taxonomy":"post_tag","embeddable":true,"href":"https:\/\/www.radioamigavallenar.cl\/index.php?rest_route=%2Fwp%2Fv2%2Ftags&post=11732"}],"curies":[{"name":"wp","href":"https:\/\/api.w.org\/{rel}","templated":true}]}}