{"id":11124,"date":"2018-08-09T06:10:52","date_gmt":"2018-08-09T09:10:52","guid":{"rendered":"https:\/\/www.radioamigavallenar.cl\/?p=11124"},"modified":"2018-08-09T02:57:24","modified_gmt":"2018-08-09T05:57:24","slug":"gobernador-patricio-urquieta-se-reunio-con-jefe-de-la-pdi-en-atacama","status":"publish","type":"post","link":"https:\/\/www.radioamigavallenar.cl\/?p=11124","title":{"rendered":"Gobernador Patricio Urquieta se reuni\u00f3 con jefe de la PDI en Atacama"},"content":{"rendered":"<p style=\"text-align: center;\"><a href=\"https:\/\/www.radioamigavallenar.cl\/wp-content\/uploads\/2018\/08\/Gobernador-y-PDI.jpg\"><img loading=\"lazy\" decoding=\"async\" class=\"alignnone size-medium wp-image-11125\" src=\"https:\/\/www.radioamigavallenar.cl\/wp-content\/uploads\/2018\/08\/Gobernador-y-PDI-300x200.jpg\" alt=\"Gobernador y PDI\" width=\"300\" height=\"200\" srcset=\"https:\/\/www.radioamigavallenar.cl\/wp-content\/uploads\/2018\/08\/Gobernador-y-PDI-300x200.jpg 300w, https:\/\/www.radioamigavallenar.cl\/wp-content\/uploads\/2018\/08\/Gobernador-y-PDI.jpg 700w\" sizes=\"auto, (max-width: 300px) 100vw, 300px\" \/><\/a><\/p>\n<p style=\"text-align: justify;\">Con el prop\u00f3sito de fortalecer la coordinaci\u00f3n existente entre la gobernaci\u00f3n provincial del Huasco y la polic\u00eda de investigaciones, esta semana se reunieron en Vallenar, el Gobernador Patricio Urquieta, con el jede de la PDI Atacama, Prefecto Inspector\u00a0 Claudio N\u00fa\u00f1ez S\u00e1ez, en la oportunidad abordaron diversos temas que tiene que ver con el trabajo policial que se est\u00e1 desarrollando en la provincia.<\/p>\n<p style=\"text-align: justify;\">\u201cLa seguridad p\u00fablica, es una de las prioridades en el gobierno del Presidente Pi\u00f1era, por tanto estamos en permanente coordinaci\u00f3n con los distintos estamentos que\u00a0 intervienen en esta materia, hay un trabajo coordinado con las polic\u00edas; con carabineros y con la PDI, de igual forma existe un trabajo constante con los respectivos municipios a trav\u00e9s de los comit\u00e9s comunales de seguridad p\u00fablica, es un mandato que nos ha dado el Presidente Pi\u00f1era y en ello queremos fortalecer el compromiso de todos los servicios competentes\u201d, se\u00f1al\u00f3 el gobernador Urquieta.<\/p>\n<p style=\"text-align: justify;\">\u201cEn la ocasi\u00f3n se abordaron tem\u00e1ticas relacionadas con; drogas, robos, y otros delitos asociados al \u00e1rea de la tecnolog\u00eda y que revisten gran inter\u00e9s pues son todos temas que tienen gran impacto en la comunidad y en todo el pa\u00eds. Sin duda una tarea muy importante que ha de permitir avanzar en una respuesta inmediata y acciones de resguardo y tener una perspectiva m\u00e1s potente a la hora de intervenir en base a los an\u00e1lisis previos que se hagan\u201d, as\u00ed lo destac\u00f3 el\u00a0 jefe de la PDI en Atacama.<\/p>\n","protected":false},"excerpt":{"rendered":"<p>Con el prop\u00f3sito de fortalecer la coordinaci\u00f3n existente entre la gobernaci\u00f3n provincial del Huasco y la polic\u00eda de investigaciones, esta semana se reunieron en Vallenar,&hellip; <\/p>\n","protected":false},"author":2,"featured_media":11125,"comment_status":"open","ping_status":"closed","sticky":false,"template":"","format":"standard","meta":{"footnotes":""},"categories":[6],"tags":[],"class_list":["post-11124","post","type-post","status-publish","format-standard","has-post-thumbnail","hentry","category-policial"],"_links":{"self":[{"href":"https:\/\/www.radioamigavallenar.cl\/index.php?rest_route=\/wp\/v2\/posts\/11124","targetHints":{"allow":["GET"]}}],"collection":[{"href":"https:\/\/www.radioamigavallenar.cl\/index.php?rest_route=\/wp\/v2\/posts"}],"about":[{"href":"https:\/\/www.radioamigavallenar.cl\/index.php?rest_route=\/wp\/v2\/types\/post"}],"author":[{"embeddable":true,"href":"https:\/\/www.radioamigavallenar.cl\/index.php?rest_route=\/wp\/v2\/users\/2"}],"replies":[{"embeddable":true,"href":"https:\/\/www.radioamigavallenar.cl\/index.php?rest_route=%2Fwp%2Fv2%2Fcomments&post=11124"}],"version-history":[{"count":0,"href":"https:\/\/www.radioamigavallenar.cl\/index.php?rest_route=\/wp\/v2\/posts\/11124\/revisions"}],"wp:featuredmedia":[{"embeddable":true,"href":"https:\/\/www.radioamigavallenar.cl\/index.php?rest_route=\/wp\/v2\/media\/11125"}],"wp:attachment":[{"href":"https:\/\/www.radioamigavallenar.cl\/index.php?rest_route=%2Fwp%2Fv2%2Fmedia&parent=11124"}],"wp:term":[{"taxonomy":"category","embeddable":true,"href":"https:\/\/www.radioamigavallenar.cl\/index.php?rest_route=%2Fwp%2Fv2%2Fcategories&post=11124"},{"taxonomy":"post_tag","embeddable":true,"href":"https:\/\/www.radioamigavallenar.cl\/index.php?rest_route=%2Fwp%2Fv2%2Ftags&post=11124"}],"curies":[{"name":"wp","href":"https:\/\/api.w.org\/{rel}","templated":true}]}}