{"id":11119,"date":"2018-08-09T06:00:36","date_gmt":"2018-08-09T09:00:36","guid":{"rendered":"https:\/\/www.radioamigavallenar.cl\/?p=11119"},"modified":"2018-08-08T19:30:14","modified_gmt":"2018-08-08T22:30:14","slug":"carabineros-de-chanaral-fiscaliza-nuevos-limites-de-velocidad","status":"publish","type":"post","link":"https:\/\/www.radioamigavallenar.cl\/?p=11119","title":{"rendered":"Carabineros de Cha\u00f1aral fiscaliza nuevos l\u00edmites de velocidad"},"content":{"rendered":"<p style=\"text-align: justify;\">\n<p style=\"text-align: justify;\"><a href=\"https:\/\/www.radioamigavallenar.cl\/wp-content\/uploads\/2018\/01\/Carabineros.jpg\"><img loading=\"lazy\" decoding=\"async\" class=\" size-medium wp-image-8124 aligncenter\" src=\"https:\/\/www.radioamigavallenar.cl\/wp-content\/uploads\/2018\/01\/Carabineros-300x225.jpg\" alt=\"Carabineros\" width=\"300\" height=\"225\" srcset=\"https:\/\/www.radioamigavallenar.cl\/wp-content\/uploads\/2018\/01\/Carabineros-300x225.jpg 300w, https:\/\/www.radioamigavallenar.cl\/wp-content\/uploads\/2018\/01\/Carabineros.jpg 700w\" sizes=\"auto, (max-width: 300px) 100vw, 300px\" \/><\/a><\/p>\n<p style=\"text-align: justify;\"><span style=\"color: #000000;\">Con el fin de velar por el cumplimiento de la modificaci\u00f3n a la ley de tr\u00e1nsito que disminuy\u00f3 de 60 a 50 km\/hora la velocidad en el sector urbano, personal de la Primera Comisar\u00eda Cha\u00f1aral se encuentra realizando controles preventivos y de fiscalizaci\u00f3n vehicular.<\/span><\/p>\n<p style=\"text-align: justify;\">Dichos controles se est\u00e1n llevando a efecto en las principales arterias de la comuna, con acciones informativas sobre la puesta en vigencia de esta ley, que sanciona con multas cercanas a 150 mil pesos y la suspensi\u00f3n de la licencia de conductor por 45 d\u00edas aquellos conductores que no respeten esta normativa legal.<\/p>\n<p style=\"text-align: justify;\">Estamos en marcha blanca, porque sabemos que ser\u00e1 un proceso lento donde los conductores aducir\u00e1n desconocimiento y olvido. Por esta raz\u00f3n estamos reforzando nuestras acciones con mensajes preventivos a trav\u00e9s de los medios de comunicaci\u00f3n y tambi\u00e9n con nuestro personal. No obstante ello, el mensaje es a asumir y respetar esta ley. Sentenci\u00f3 el Comisario de Cha\u00f1aral capit\u00e1n Hern\u00e1n Mella Ortiz.<\/p>\n<p style=\"text-align: justify;\">El capit\u00e1n Mella, dijo que tambi\u00e9n se est\u00e1n coordinando acciones con la municipalidad con el fin de realizar lo antes posible los cambios de se\u00f1al\u00e9tica que indiquen el nuevo l\u00edmite de velocidad en zona urbana.<\/p>\n","protected":false},"excerpt":{"rendered":"<p>Con el fin de velar por el cumplimiento de la modificaci\u00f3n a la ley de tr\u00e1nsito que disminuy\u00f3 de 60 a 50 km\/hora la velocidad&hellip; <\/p>\n","protected":false},"author":2,"featured_media":8124,"comment_status":"open","ping_status":"closed","sticky":false,"template":"","format":"standard","meta":{"footnotes":""},"categories":[6],"tags":[],"class_list":["post-11119","post","type-post","status-publish","format-standard","has-post-thumbnail","hentry","category-policial"],"_links":{"self":[{"href":"https:\/\/www.radioamigavallenar.cl\/index.php?rest_route=\/wp\/v2\/posts\/11119","targetHints":{"allow":["GET"]}}],"collection":[{"href":"https:\/\/www.radioamigavallenar.cl\/index.php?rest_route=\/wp\/v2\/posts"}],"about":[{"href":"https:\/\/www.radioamigavallenar.cl\/index.php?rest_route=\/wp\/v2\/types\/post"}],"author":[{"embeddable":true,"href":"https:\/\/www.radioamigavallenar.cl\/index.php?rest_route=\/wp\/v2\/users\/2"}],"replies":[{"embeddable":true,"href":"https:\/\/www.radioamigavallenar.cl\/index.php?rest_route=%2Fwp%2Fv2%2Fcomments&post=11119"}],"version-history":[{"count":0,"href":"https:\/\/www.radioamigavallenar.cl\/index.php?rest_route=\/wp\/v2\/posts\/11119\/revisions"}],"wp:featuredmedia":[{"embeddable":true,"href":"https:\/\/www.radioamigavallenar.cl\/index.php?rest_route=\/wp\/v2\/media\/8124"}],"wp:attachment":[{"href":"https:\/\/www.radioamigavallenar.cl\/index.php?rest_route=%2Fwp%2Fv2%2Fmedia&parent=11119"}],"wp:term":[{"taxonomy":"category","embeddable":true,"href":"https:\/\/www.radioamigavallenar.cl\/index.php?rest_route=%2Fwp%2Fv2%2Fcategories&post=11119"},{"taxonomy":"post_tag","embeddable":true,"href":"https:\/\/www.radioamigavallenar.cl\/index.php?rest_route=%2Fwp%2Fv2%2Ftags&post=11119"}],"curies":[{"name":"wp","href":"https:\/\/api.w.org\/{rel}","templated":true}]}}