{"id":10938,"date":"2018-07-30T09:55:30","date_gmt":"2018-07-30T12:55:30","guid":{"rendered":"https:\/\/www.radioamigavallenar.cl\/?p=10938"},"modified":"2018-07-30T09:55:30","modified_gmt":"2018-07-30T12:55:30","slug":"audios-intendente-acude-al-llamado-de-los-trabajadores-de-cap-ante-inquietudes-por-funcionamiento","status":"publish","type":"post","link":"https:\/\/www.radioamigavallenar.cl\/?p=10938","title":{"rendered":"(AUDIOS) Intendente acude al llamado de los trabajadores de CAP ante inquietudes por funcionamiento"},"content":{"rendered":"<p style=\"text-align: center;\"><a href=\"https:\/\/www.radioamigavallenar.cl\/wp-content\/uploads\/2018\/07\/Planta-Pellets.jpg\"><img loading=\"lazy\" decoding=\"async\" class=\"alignnone size-medium wp-image-10941\" src=\"https:\/\/www.radioamigavallenar.cl\/wp-content\/uploads\/2018\/07\/Planta-Pellets-300x223.jpg\" alt=\"Planta Pellets\" width=\"300\" height=\"223\" srcset=\"https:\/\/www.radioamigavallenar.cl\/wp-content\/uploads\/2018\/07\/Planta-Pellets-300x223.jpg 300w, https:\/\/www.radioamigavallenar.cl\/wp-content\/uploads\/2018\/07\/Planta-Pellets.jpg 700w\" sizes=\"auto, (max-width: 300px) 100vw, 300px\" \/><\/a><\/p>\n<p style=\"text-align: justify;\">Como una situaci\u00f3n delicada describi\u00f3 el Intendente Francisco S\u00e1nchez Barrera el panorama que vive actualmente el complejo minero de CAP Miner\u00eda en la provincia del Huasco. Recordemos que el pasado mes de enero, la empresa fue notificada por la Superintendencia de Medio Ambiente por ciertos procesos que se encontraban fuera de los par\u00e1metros y regulaciones ambientales, situaci\u00f3n que motiv\u00f3 a los trabajadores de CAP a convocar a la m\u00e1xima autoridad regional para exponerles el escenario. Demostrando la preocupaci\u00f3n del gobierno por la empleabilidad en el valle del Huasco, el representante del Presidente Sebasti\u00e1n Pi\u00f1era en Atacama, en compa\u00f1\u00eda de los seremi de Miner\u00eda Felipe Carrasco y de Trabajo Carlos Leal, decidi\u00f3 acudir a la convocatoria realizada y lleg\u00f3 hasta la Planta de Pellets de Huasco para reunirse con representantes de los 5 sindicatos que hay en la provincia y as\u00ed escuchar sus inquietudes y poder dialogar sobre la situaci\u00f3n en la que se encuentran. Al respecto, el Intendente Francisco S\u00e1nchez Barrera coment\u00f3 \u201cest\u00e1n siguiendo un proceso legal en el cual nosotros no podemos intervenir\u2026 nos importa el empleo, nos importa el poder continuar con CAP por muchos a\u00f1os m\u00e1s; creo que es una de las compa\u00f1\u00edas se\u00f1eras en la miner\u00eda en la Regi\u00f3n de Atacama y, especialmente, en el valle del Huasco ya que tiene una historia de inserci\u00f3n y de complementaci\u00f3n con las comunidades.\u201d<\/p>\n<audio class=\"wp-audio-shortcode\" id=\"audio-10938-1\" preload=\"none\" style=\"width: 100%;\" controls=\"controls\"><source type=\"audio\/wav\" src=\"https:\/\/www.radioamigavallenar.cl\/wp-content\/uploads\/2018\/07\/Cu\u00f1a-Intendente-Francisco-S\u00e1nchez-I.wav?_=1\" \/><a href=\"https:\/\/www.radioamigavallenar.cl\/wp-content\/uploads\/2018\/07\/Cu\u00f1a-Intendente-Francisco-S\u00e1nchez-I.wav\">https:\/\/www.radioamigavallenar.cl\/wp-content\/uploads\/2018\/07\/Cu\u00f1a-Intendente-Francisco-S\u00e1nchez-I.wav<\/a><\/audio>\n<p style=\"text-align: justify;\">Ante la visita del Intendente S\u00e1nchez, los representantes de los sindicatos de trabajadores de la empresa se mostraron muy agradecidos. As\u00ed lo manifest\u00f3 el Presidente del Sindicato N\u00b01 de la Planta de Pellets de Huasco, H\u00e9ctor Cort\u00e9s, quien calific\u00f3 como \u201cmuy provechoso que el se\u00f1or Intendente est\u00e9 aqu\u00ed con nosotros, acompa\u00f1ado por los seremi, para que los trabajadores seamos escuchados sobre los temas de nuestra fuente laboral y comprometi\u00e9ndose la empresa a cumplir con todas las normativas medioambientales. Yo creo que vamos a llegar a buen puerto con el apoyo de las autoridades, para lograr nuestro objetivo que es mantener nuestros trabajos.\u201d Otro l\u00edder sindical que se refiri\u00f3 a la reuni\u00f3n fue el Presidente del Sindicato N\u00b0 5 de la Planta de Pellets de Huasco, John Herbera, quien aprovech\u00f3 de \u201cagradecer la visita del Intendente; nosotros estamos bastante preocupados y as\u00ed se lo hemos hecho saber, porque hoy en d\u00eda vemos amenazada nuestra fuente laboral. Nosotros hoy no s\u00f3lo hablamos como dirigentes ni como trabajadores de CAP Miner\u00eda, tambi\u00e9n hablamos como vecinos y lo \u00fanico que pedimos es que esto siga un cauce normal y se den las opciones; hay una carta Gantt, hay un programa, hay un capital invertido y nosotros queremos sacar adelante ese plan y tambi\u00e9n comprometernos, siendo garantes de que el Programa de Cumplimiento Ambiental se cumpla.\u201d<\/p>\n<p style=\"text-align: justify;\">De todas maneras el panorama para la empresa minera se ve favorable, ya que ellos ya est\u00e1n realizando las modificaciones solicitadas por la Superintendencia de Medio Ambiente. Dentro de las medidas presentadas por la empresa se encuentra la construcci\u00f3n de un segundo precipitador electroest\u00e1tico y la creaci\u00f3n de un dep\u00f3sito de relaves en tierra. Todas estas medidas, m\u00e1s las observaciones presentadas en el Programa de Cumplimiento Ambiental, suman m\u00e1s de 230 millones de d\u00f3lares y van a generar nuevos puestos de trabajo en la Provincia del Huasco.<\/p>\n<p style=\"text-align: justify;\">Para Carlos Pineda, Gerente General de CAP Miner\u00eda, \u201cha sido un muy buen plan de cumplimiento el que estamos presentando a la Superintendencia de Medio Ambiente, que realmente nos compromete con soluciones de largo plazo y de muy buen nivel, para poder dar una sustentabilidad a esta fuente laboral y a nuestro negocio que mantenemos en el Valle del Huasco.\u201d<\/p>\n<audio class=\"wp-audio-shortcode\" id=\"audio-10938-2\" preload=\"none\" style=\"width: 100%;\" controls=\"controls\"><source type=\"audio\/wav\" src=\"https:\/\/www.radioamigavallenar.cl\/wp-content\/uploads\/2018\/07\/Cu\u00f1a-Gerente-General-CAP-Carlos-Pineda.wav?_=2\" \/><a href=\"https:\/\/www.radioamigavallenar.cl\/wp-content\/uploads\/2018\/07\/Cu\u00f1a-Gerente-General-CAP-Carlos-Pineda.wav\">https:\/\/www.radioamigavallenar.cl\/wp-content\/uploads\/2018\/07\/Cu\u00f1a-Gerente-General-CAP-Carlos-Pineda.wav<\/a><\/audio>\n","protected":false},"excerpt":{"rendered":"<p>Como una situaci\u00f3n delicada describi\u00f3 el Intendente Francisco S\u00e1nchez Barrera el panorama que vive actualmente el complejo minero de CAP Miner\u00eda en la provincia del&hellip; <\/p>\n","protected":false},"author":2,"featured_media":10941,"comment_status":"open","ping_status":"closed","sticky":false,"template":"","format":"standard","meta":{"footnotes":""},"categories":[4],"tags":[],"class_list":["post-10938","post","type-post","status-publish","format-standard","has-post-thumbnail","hentry","category-huasco"],"_links":{"self":[{"href":"https:\/\/www.radioamigavallenar.cl\/index.php?rest_route=\/wp\/v2\/posts\/10938","targetHints":{"allow":["GET"]}}],"collection":[{"href":"https:\/\/www.radioamigavallenar.cl\/index.php?rest_route=\/wp\/v2\/posts"}],"about":[{"href":"https:\/\/www.radioamigavallenar.cl\/index.php?rest_route=\/wp\/v2\/types\/post"}],"author":[{"embeddable":true,"href":"https:\/\/www.radioamigavallenar.cl\/index.php?rest_route=\/wp\/v2\/users\/2"}],"replies":[{"embeddable":true,"href":"https:\/\/www.radioamigavallenar.cl\/index.php?rest_route=%2Fwp%2Fv2%2Fcomments&post=10938"}],"version-history":[{"count":0,"href":"https:\/\/www.radioamigavallenar.cl\/index.php?rest_route=\/wp\/v2\/posts\/10938\/revisions"}],"wp:featuredmedia":[{"embeddable":true,"href":"https:\/\/www.radioamigavallenar.cl\/index.php?rest_route=\/wp\/v2\/media\/10941"}],"wp:attachment":[{"href":"https:\/\/www.radioamigavallenar.cl\/index.php?rest_route=%2Fwp%2Fv2%2Fmedia&parent=10938"}],"wp:term":[{"taxonomy":"category","embeddable":true,"href":"https:\/\/www.radioamigavallenar.cl\/index.php?rest_route=%2Fwp%2Fv2%2Fcategories&post=10938"},{"taxonomy":"post_tag","embeddable":true,"href":"https:\/\/www.radioamigavallenar.cl\/index.php?rest_route=%2Fwp%2Fv2%2Ftags&post=10938"}],"curies":[{"name":"wp","href":"https:\/\/api.w.org\/{rel}","templated":true}]}}