{"id":108427,"date":"2026-09-05T00:47:28","date_gmt":"2026-09-05T04:47:28","guid":{"rendered":"https:\/\/www.radioamigavallenar.cl\/?p=108427"},"modified":"2026-09-05T00:47:28","modified_gmt":"2026-09-05T04:47:28","slug":"juez-revoco-prision-preventiva-a-hijo-de-julia-chunil-al-estimar-que-operaba-como-pena-anticipada","status":"publish","type":"post","link":"https:\/\/www.radioamigavallenar.cl\/?p=108427","title":{"rendered":"Juez revoc\u00f3 prisi\u00f3n preventiva a hijo de Julia Chu\u00f1il al estimar que operaba como pena anticipada"},"content":{"rendered":"<p>El\u00a0<strong>Juzgado de Garant\u00eda de la comuna de Los Lagos<\/strong>\u00a0(Regi\u00f3n de Los R\u00edos) resolvi\u00f3 revocar la medida cautelar de\u00a0<strong>prisi\u00f3n preventiva<\/strong>\u00a0que pesaba sobre\u00a0<strong>Javier Troncoso Chu\u00f1il<\/strong>,\u00a0imputado por el presunto parricidio de su madre,\u00a0<strong>Julia Chu\u00f1il<\/strong>.<\/p>\n<p>Tras acoger la solicitud presentada por su defensa, el tribunal determin\u00f3 sustituir la cautelar m\u00e1s gravosa por la de\u00a0<strong>arresto domiciliario total<\/strong>.<\/p>\n<div id=\"contenedor-leermas\" class=\"cuerpo-articulo contenedor-leermas\">\n<div id=\"cuerpo-ad\" class=\"cuerpo-ad\">\n<p>Durante la audiencia, el magistrado fundament\u00f3 la resoluci\u00f3n se\u00f1alando que\u00a0<strong>la prisi\u00f3n preventiva no puede transformarse en una pena anticipada<\/strong>\u00a0y que existen otras cautelares suficientes para asegurar la comparecencia del imputado durante el proceso.<\/p>\n<p>Al respecto, la abogada defensora\u00a0<strong>Karina Riquelme<\/strong>\u00a0valor\u00f3 la decisi\u00f3n del tribunal y detall\u00f3 los argumentos expuestos para conseguir la modificaci\u00f3n de las medidas.<\/p>\n<p>\u00abEl Juzgado de Garant\u00eda de Los Lagos ha decidido revocar la medida cautelar que reca\u00eda sobre Javier Troncoso Chu\u00f1il b\u00e1sicamente porque\u00a0<strong>ya han transcurrido ocho meses y ha sopesado que la necesidad de cautela no se cumple a estas alturas del procedimiento; que Javier, de ninguna manera, cumpliendo otra medida cautelar, pudiera afectar la investigaci\u00f3n<\/strong>\u00ab, explic\u00f3.<\/p>\n<p>A pesar de la resoluci\u00f3n favorable a la defensa,\u00a0<strong>el imputado no recuper\u00f3 su libertad de inmediato y permanecer\u00e1 bajo la condici\u00f3n de detenido en tr\u00e1nsito<\/strong>. Esto, debido a que el Ministerio P\u00fablico recurri\u00f3 en la misma audiencia para revertir la decisi\u00f3n.<\/p>\n<p>Al dar a conocer el cierre del debate y la presentaci\u00f3n del recurso por parte de la fiscal\u00eda, el juez de la causa confirm\u00f3 que los antecedentes ser\u00e1n remitidos al tribunal de alzada\u00a0<strong>\u00aba fin de que conozca y resuelva del respectivo recurso\u00bb.<\/strong><\/p>\n<p>\u00abPor lo tanto,\u00a0<strong>el imputado se mantiene privado de libertad al espera de la resoluci\u00f3n de la ilustr\u00edsima corte\u00bb<\/strong>, sostuvo el magistrado.<\/p>\n<p>Ser\u00e1 la\u00a0<strong>Corte de Apelaciones de Valdivia<\/strong> la encargada de resolver en los pr\u00f3ximos d\u00edas si confirma el arresto domiciliario total decretado en primera instancia o si acoge la apelaci\u00f3n del Ministerio P\u00fablico y mantiene a Troncoso Chu\u00f1il bajo prisi\u00f3n preventiva.<\/p>\n<\/div>\n<\/div>\n","protected":false},"excerpt":{"rendered":"<p>El\u00a0Juzgado de Garant\u00eda de la comuna de Los Lagos\u00a0(Regi\u00f3n de Los R\u00edos) resolvi\u00f3 revocar la medida cautelar de\u00a0prisi\u00f3n preventiva\u00a0que pesaba sobre\u00a0Javier Troncoso Chu\u00f1il,\u00a0imputado por el&hellip; <\/p>\n","protected":false},"author":7,"featured_media":108428,"comment_status":"closed","ping_status":"closed","sticky":false,"template":"","format":"standard","meta":{"footnotes":""},"categories":[37],"tags":[],"class_list":["post-108427","post","type-post","status-publish","format-standard","has-post-thumbnail","hentry","category-nacional"],"_links":{"self":[{"href":"https:\/\/www.radioamigavallenar.cl\/index.php?rest_route=\/wp\/v2\/posts\/108427","targetHints":{"allow":["GET"]}}],"collection":[{"href":"https:\/\/www.radioamigavallenar.cl\/index.php?rest_route=\/wp\/v2\/posts"}],"about":[{"href":"https:\/\/www.radioamigavallenar.cl\/index.php?rest_route=\/wp\/v2\/types\/post"}],"author":[{"embeddable":true,"href":"https:\/\/www.radioamigavallenar.cl\/index.php?rest_route=\/wp\/v2\/users\/7"}],"replies":[{"embeddable":true,"href":"https:\/\/www.radioamigavallenar.cl\/index.php?rest_route=%2Fwp%2Fv2%2Fcomments&post=108427"}],"version-history":[{"count":1,"href":"https:\/\/www.radioamigavallenar.cl\/index.php?rest_route=\/wp\/v2\/posts\/108427\/revisions"}],"predecessor-version":[{"id":108429,"href":"https:\/\/www.radioamigavallenar.cl\/index.php?rest_route=\/wp\/v2\/posts\/108427\/revisions\/108429"}],"wp:featuredmedia":[{"embeddable":true,"href":"https:\/\/www.radioamigavallenar.cl\/index.php?rest_route=\/wp\/v2\/media\/108428"}],"wp:attachment":[{"href":"https:\/\/www.radioamigavallenar.cl\/index.php?rest_route=%2Fwp%2Fv2%2Fmedia&parent=108427"}],"wp:term":[{"taxonomy":"category","embeddable":true,"href":"https:\/\/www.radioamigavallenar.cl\/index.php?rest_route=%2Fwp%2Fv2%2Fcategories&post=108427"},{"taxonomy":"post_tag","embeddable":true,"href":"https:\/\/www.radioamigavallenar.cl\/index.php?rest_route=%2Fwp%2Fv2%2Ftags&post=108427"}],"curies":[{"name":"wp","href":"https:\/\/api.w.org\/{rel}","templated":true}]}}