{"id":108424,"date":"2026-09-05T00:46:02","date_gmt":"2026-09-05T04:46:02","guid":{"rendered":"https:\/\/www.radioamigavallenar.cl\/?p=108424"},"modified":"2026-09-05T00:46:02","modified_gmt":"2026-09-05T04:46:02","slug":"fallecio-camilo-escalona-pilar-historico-del-socialismo-chileno-a-los-71-anos","status":"publish","type":"post","link":"https:\/\/www.radioamigavallenar.cl\/?p=108424","title":{"rendered":"Falleci\u00f3 Camilo Escalona, pilar hist\u00f3rico del socialismo chileno, a los 71 a\u00f1os"},"content":{"rendered":"<p>El secretario general del Partido Socialista (PS) y expresidente del Senado,\u00a0<strong>Camilo Escalona Medina<\/strong>, falleci\u00f3 ayer viernes a los <strong>71 a\u00f1os<\/strong>\u00a0en la\u00a0<strong>Cl\u00ednica Indisa<\/strong>, en la comuna de Providencia.<\/p>\n<p>El deceso del hist\u00f3rico dirigente\u00a0-que hab\u00eda sido\u00a0diagnosticado con un\u00a0<strong>c\u00e1ncer de pr\u00f3stata\u00a0<\/strong>en 2024- ocurri\u00f3 tras\u00a0permanecer en coma inducido como parte de un tratamiento m\u00e9dico, y poco despu\u00e9s de que el\u00a0<strong>Presidente Jos\u00e9 Antonio Kast<\/strong>\u00a0acudiera al centro asistencial para reunirse con la familia del exparlamentario.<\/p>\n<p>La noticia fue confirmada oficialmente a las afueras del recinto por su hija\u00a0<strong>Natalia<\/strong>, quien viaj\u00f3 desde Uruguay para acompa\u00f1arlo en sus momentos finales.<\/p>\n<p><strong>\u00abNuestro querido pap\u00e1, abuelo, esposo, t\u00edo, amigo y compa\u00f1ero Camilo Escalona Medina ha fallecido.<\/strong>\u00a0A pesar de sus fuerzas, de la resiliencia con que enfrent\u00f3 la enfermedad y de la tenacidad con que vivi\u00f3 hasta el \u00faltimo d\u00eda, ha dejado este plano con un ejemplo que no podr\u00e1 ser igualado\u00bb, expres\u00f3.<\/p>\n<p>\u00abMi pap\u00e1 fue un dem\u00f3crata irreductible, un socialista de tomo y lomo, un amigo cari\u00f1oso, un luchador, un l\u00edder justo y un hombre de profundas convicciones. Muchas de las pol\u00edticas que han buscado hacer de Chile un pa\u00eds m\u00e1s justo llevan su huella y eso ser\u00e1 imborrable\u00bb, afirm\u00f3.<\/p>\n<h2 style=\"text-align: center;\"><strong>Condolencias del PS<\/strong><\/h2>\n<p>En las afueras de la cl\u00ednica, la directiva del PS -encabezada por su presidenta, la senadora\u00a0<strong>Paulina Vodanovic<\/strong>, y el vicepresidente\u00a0<strong>Arturo Barrios<\/strong>&#8211; se reuni\u00f3 con dirigentes de la colectividad.<\/p>\n<p>\u00abComo mesa del Partido Socialista expresamos\u00a0<strong>nuestro pesar por el fallecimiento de nuestro compa\u00f1ero Camilo Escalona Medina<\/strong>, quien fuera cinco veces presidente del Partido Socialista de Chile, presidente del Senado, actual secretario general de nuestro partido y, sobre todo,\u00a0<strong>un gran dem\u00f3crata<\/strong>\u00ab, declar\u00f3 Vodanovic.<\/p>\n<p>\u00ab(Fue) un luchador, una persona que le entreg\u00f3 a Chile su juventud, una lucha en el exilio, la recomposici\u00f3n de la democracia y que form\u00f3 generaciones de socialistas comprometidos con nuestro pa\u00eds\u00bb, a\u00f1adi\u00f3 la parlamentaria, agradeciendo adem\u00e1s las muestras de afecto y el contacto sostenido por distintas autoridades nacionales, como el\u00a0<strong>Presidente Kast<\/strong>\u00a0o\u00a0los exmandatarios\u00a0<strong>Eduardo Frei, Michelle Bachelet y Gabriel Boric<\/strong>, junto a ministros de Estado.<\/p>\n<p>La alcaldesa de Quinta Normal,\u00a0<strong>Karina Delfino<\/strong>, dijo que \u00abhoy es un d\u00eda muy triste para nosotros como Partido Socialista, pero tambi\u00e9n en particular para generaciones que el compa\u00f1ero Camilo Escalona form\u00f3\u00bb.<\/p>\n<p>\u00abFue un luchador toda su vida, siempre vel\u00f3 por la justicia social y por las transformaciones que Chile requer\u00eda. Es una de las figuras del socialismo chileno m\u00e1s relevantes y nos va a hacer mucha falta\u00bb, manifest\u00f3 la jefa comunal.<\/p>\n<p>Respecto a sus exequias, se inform\u00f3 que los restos de Camilo Escalona ser\u00e1n trasladados inicialmente a la\u00a0<strong>sede central del Partido Socialista<\/strong>\u00a0\u2014ubicada en calle Par\u00eds 873\u2014 y posteriormente, durante la jornada de este s\u00e1bado, el<strong>\u00a0<\/strong>edificio del\u00a0<strong>Congreso Nacional\u00a0en Santiago<\/strong>\u00a0para recibir el velatorio institucional de honor.<\/p>\n","protected":false},"excerpt":{"rendered":"<p>El secretario general del Partido Socialista (PS) y expresidente del Senado,\u00a0Camilo Escalona Medina, falleci\u00f3 ayer viernes a los 71 a\u00f1os\u00a0en la\u00a0Cl\u00ednica Indisa, en la comuna&hellip; <\/p>\n","protected":false},"author":7,"featured_media":108425,"comment_status":"closed","ping_status":"closed","sticky":false,"template":"","format":"standard","meta":{"footnotes":""},"categories":[37],"tags":[],"class_list":["post-108424","post","type-post","status-publish","format-standard","has-post-thumbnail","hentry","category-nacional"],"_links":{"self":[{"href":"https:\/\/www.radioamigavallenar.cl\/index.php?rest_route=\/wp\/v2\/posts\/108424","targetHints":{"allow":["GET"]}}],"collection":[{"href":"https:\/\/www.radioamigavallenar.cl\/index.php?rest_route=\/wp\/v2\/posts"}],"about":[{"href":"https:\/\/www.radioamigavallenar.cl\/index.php?rest_route=\/wp\/v2\/types\/post"}],"author":[{"embeddable":true,"href":"https:\/\/www.radioamigavallenar.cl\/index.php?rest_route=\/wp\/v2\/users\/7"}],"replies":[{"embeddable":true,"href":"https:\/\/www.radioamigavallenar.cl\/index.php?rest_route=%2Fwp%2Fv2%2Fcomments&post=108424"}],"version-history":[{"count":1,"href":"https:\/\/www.radioamigavallenar.cl\/index.php?rest_route=\/wp\/v2\/posts\/108424\/revisions"}],"predecessor-version":[{"id":108426,"href":"https:\/\/www.radioamigavallenar.cl\/index.php?rest_route=\/wp\/v2\/posts\/108424\/revisions\/108426"}],"wp:featuredmedia":[{"embeddable":true,"href":"https:\/\/www.radioamigavallenar.cl\/index.php?rest_route=\/wp\/v2\/media\/108425"}],"wp:attachment":[{"href":"https:\/\/www.radioamigavallenar.cl\/index.php?rest_route=%2Fwp%2Fv2%2Fmedia&parent=108424"}],"wp:term":[{"taxonomy":"category","embeddable":true,"href":"https:\/\/www.radioamigavallenar.cl\/index.php?rest_route=%2Fwp%2Fv2%2Fcategories&post=108424"},{"taxonomy":"post_tag","embeddable":true,"href":"https:\/\/www.radioamigavallenar.cl\/index.php?rest_route=%2Fwp%2Fv2%2Ftags&post=108424"}],"curies":[{"name":"wp","href":"https:\/\/api.w.org\/{rel}","templated":true}]}}