{"id":108421,"date":"2026-09-05T00:44:01","date_gmt":"2026-09-05T04:44:01","guid":{"rendered":"https:\/\/www.radioamigavallenar.cl\/?p=108421"},"modified":"2026-09-05T00:44:01","modified_gmt":"2026-09-05T04:44:01","slug":"por-tercera-vez-alcalde-de-rinconada-incumple-arresto-esta-imputado-por-sobreprecios-de-hasta-3000","status":"publish","type":"post","link":"https:\/\/www.radioamigavallenar.cl\/?p=108421","title":{"rendered":"Por tercera vez alcalde de Rinconada incumple arresto: est\u00e1 imputado por sobreprecios de hasta 3000%"},"content":{"rendered":"<p>El\u00a0<span class=\"destacador destacado\">alcalde de Rinconada, Juan Galdames, incumpli\u00f3 por tercera vez su cautelar de arresto domiciliario nocturno<\/span>, que mantiene como imputado por cuatro delitos de fraude al Fisco, negociaci\u00f3n incompatible, falsificaci\u00f3n y uso malicioso de instrumento p\u00fablico. En paralelo, el\u00a0<strong>Juzgado de Garant\u00eda de Los Andes admiti\u00f3 a tr\u00e1mite una querella presentada de la autoridad contra 3 exconcejales de la comuna<\/strong>.<\/p>\n<p>Desde mayo el alcalde Galdames se encuentra bajo arresto domiciliario nocturno y arraigo nacional por dicha causa, donde\u00a0<strong>se le investiga por irregularidades en la compra directa, por $930 millones, de tres terrenos para el municipio, con sobreprecios de hasta 3.000%<\/strong>.<\/p>\n<p>Recientemente, seg\u00fan informaci\u00f3n obtenida por\u00a0<strong>Radio B\u00edo B\u00edo<\/strong>,\u00a0Carabineros\u00a0notific\u00f3 la noche del jueves un tercer incumplimiento por parte del jefe comunal.<\/p>\n<p>Previamente -y tal como lo dio a conocer La Radio- denunci\u00f3 el personal policial, no encontraron al alcalde imputado el 30 de julio y el 2 de agosto pasado, ambas visitas entre la 00:00 y las 02:00 horas.<\/p>\n<p>En tanto,\u00a0<span class=\"destacador destacado\">el tercer incumplimiento se registr\u00f3 a las 22:00 horas del pasado 16 de agosto<\/span>, en su domicilio ubicado en Carretera General San Mart\u00edn.<\/p>\n<h2>Declaran admisible querella contra 3 ex concejales por obstrucci\u00f3n en caso de alcalde de Rinconada<\/h2>\n<p>Por otra parte, el tribunal de Los Andes declar\u00f3 admisible una querella presentada contra los ex concejales de Rinconada: Juan Castillo, Miguel \u00c1ngel Tamaya y Carlos Montenegro, que forman parte de la causa contra el jefe comunal.<\/p>\n<p>A los otrora ediles se les acusa de haber actuado de manera concertada para entregar a la\u00a0Polic\u00eda de Investigaciones (PDI)\u00a0y la Fiscal\u00eda declaraciones que contendr\u00edan antecedentes falsos.<\/p>\n<p>As\u00ed lo expuso Jos\u00e9 Villagr\u00e1n, abogado del alcalde Juan Galdames.<\/p>\n<p>Ymay Ortiz, abogada de los ex concejales querellados, manifest\u00f3 que los denunciantes en la causa contra el alcalde declararon en base a los antecedentes recopilados por la propia Contralor\u00eda.<\/p>\n<p>As\u00ed las cosas, ahora la justicia deber\u00e1 resolver si acoge la querella contra los ex ediles, a los que el alcalde de Rinconada acusa de obstrucci\u00f3n a la investigaci\u00f3n, precisamente concertarse, en la causa que lo mantiene como imputado.<\/p>\n","protected":false},"excerpt":{"rendered":"<p>El\u00a0alcalde de Rinconada, Juan Galdames, incumpli\u00f3 por tercera vez su cautelar de arresto domiciliario nocturno, que mantiene como imputado por cuatro delitos de fraude al&hellip; <\/p>\n","protected":false},"author":7,"featured_media":108422,"comment_status":"closed","ping_status":"closed","sticky":false,"template":"","format":"standard","meta":{"footnotes":""},"categories":[37],"tags":[],"class_list":["post-108421","post","type-post","status-publish","format-standard","has-post-thumbnail","hentry","category-nacional"],"_links":{"self":[{"href":"https:\/\/www.radioamigavallenar.cl\/index.php?rest_route=\/wp\/v2\/posts\/108421","targetHints":{"allow":["GET"]}}],"collection":[{"href":"https:\/\/www.radioamigavallenar.cl\/index.php?rest_route=\/wp\/v2\/posts"}],"about":[{"href":"https:\/\/www.radioamigavallenar.cl\/index.php?rest_route=\/wp\/v2\/types\/post"}],"author":[{"embeddable":true,"href":"https:\/\/www.radioamigavallenar.cl\/index.php?rest_route=\/wp\/v2\/users\/7"}],"replies":[{"embeddable":true,"href":"https:\/\/www.radioamigavallenar.cl\/index.php?rest_route=%2Fwp%2Fv2%2Fcomments&post=108421"}],"version-history":[{"count":1,"href":"https:\/\/www.radioamigavallenar.cl\/index.php?rest_route=\/wp\/v2\/posts\/108421\/revisions"}],"predecessor-version":[{"id":108423,"href":"https:\/\/www.radioamigavallenar.cl\/index.php?rest_route=\/wp\/v2\/posts\/108421\/revisions\/108423"}],"wp:featuredmedia":[{"embeddable":true,"href":"https:\/\/www.radioamigavallenar.cl\/index.php?rest_route=\/wp\/v2\/media\/108422"}],"wp:attachment":[{"href":"https:\/\/www.radioamigavallenar.cl\/index.php?rest_route=%2Fwp%2Fv2%2Fmedia&parent=108421"}],"wp:term":[{"taxonomy":"category","embeddable":true,"href":"https:\/\/www.radioamigavallenar.cl\/index.php?rest_route=%2Fwp%2Fv2%2Fcategories&post=108421"},{"taxonomy":"post_tag","embeddable":true,"href":"https:\/\/www.radioamigavallenar.cl\/index.php?rest_route=%2Fwp%2Fv2%2Ftags&post=108421"}],"curies":[{"name":"wp","href":"https:\/\/api.w.org\/{rel}","templated":true}]}}