{"id":108418,"date":"2026-09-05T00:42:24","date_gmt":"2026-09-05T04:42:24","guid":{"rendered":"https:\/\/www.radioamigavallenar.cl\/?p=108418"},"modified":"2026-09-05T00:42:24","modified_gmt":"2026-09-05T04:42:24","slug":"campana-del-rechazo-con-mensajes-falsos-recibio-aportes-de-socio-de-cerimedo-y-asesor-de-arrau","status":"publish","type":"post","link":"https:\/\/www.radioamigavallenar.cl\/?p=108418","title":{"rendered":"Campa\u00f1a del Rechazo con mensajes falsos recibi\u00f3 aportes de socio de Cerimedo y asesor de Arrau"},"content":{"rendered":"<p>Nuevos antecedentes sobre el financiamiento de la campa\u00f1a por el Rechazo de 2022 vuelven a poner el foco en el entorno pol\u00edtico vinculado al\u00a0<strong>consultor argentino Fernando Cerimedo.<\/strong><\/p>\n<p>Seg\u00fan una investigaci\u00f3n publicada por\u00a0Ciper\u00a0y registros del Servicio Electoral (Servel), el\u00a0<strong>abogado Enrique Garc\u00eda Arancibia<\/strong>\u00a0\u2014identificado como socio chileno de Cerimedo\u2014 aport\u00f3 $4 millones a \u201cUnidos somos m\u00e1s fuertes\u201d, una organizaci\u00f3n que recaud\u00f3 casi $33 millones para promover el Rechazo a la propuesta constitucional.<\/p>\n<p>Pero no fue el \u00fanico nombre conocido que aparece entre los financistas. Tambi\u00e9n figura el\u00a0<strong>periodista Tom\u00e1s Y\u00e1\u00f1ez Pelay,\u00a0<\/strong>quien actualmente integra el gabinete del\u00a0<strong>ministro de Seguridad, Mart\u00edn Arrau.<\/strong>\u00a0Su aporte alcanz\u00f3 $1.080.000.<\/p>\n<p>La organizaci\u00f3n destin\u00f3 la mayor parte de los recursos que recibi\u00f3 a la campa\u00f1a \u201cAs\u00ed no\u201d, difundida principalmente mediante radios y volantes durante la campa\u00f1a del plebiscito de salida.<\/p>\n<p>La revisi\u00f3n de ese material realizada por Ciper\u00a0<strong>detect\u00f3 al menos tres afirmaciones falsas y otras dos enga\u00f1osas<\/strong>\u00a0sobre el contenido de la propuesta constitucional.<\/p>\n<h2 style=\"text-align: center;\">Mensajes sobre Carabineros, Fonasa y colegios<\/h2>\n<p>Entre las afirmaciones calificadas como falsas se encontraba que la nueva Constituci\u00f3n quitar\u00eda a Carabineros la funci\u00f3n de mantener el orden p\u00fablico.<\/p>\n<p>Tambi\u00e9n se difundi\u00f3 que la propuesta permitir\u00eda a manifestantes ingresar a la vivienda de una persona sin autorizaci\u00f3n y que eliminar\u00eda el sistema de libre elecci\u00f3n de Fonasa.<\/p>\n<p>A ello se sumaron otros dos mensajes considerados enga\u00f1osos. Uno advert\u00eda que tres millones de personas pasar\u00edan a Fonasa, provocando un eventual colapso del sistema p\u00fablico de salud. El otro sosten\u00eda que los colegios particulares subvencionados podr\u00edan ser eliminados r\u00e1pidamente.<\/p>\n<p><span class=\"destacador destacado\">La campa\u00f1a fue realizada por una de las 75 organizaciones civiles que el Servel habilit\u00f3 para recibir aportes y efectuar propaganda durante el plebiscito de 2022<\/span>.<\/p>\n<p>\u201cUnidos somos m\u00e1s fuertes\u201d, declar\u00f3 ingresos por $32,91 millones y, de acuerdo con los registros electorales, desembols\u00f3 alrededor de $27 millones en publicidad radial.<\/p>\n<h2 style=\"text-align: center;\">La conexi\u00f3n con Cerimedo<\/h2>\n<p>El aporte de Garc\u00eda cobra especial relevancia por su v\u00ednculo con\u00a0<strong>Fernando Cerimedo,<\/strong> consultor argentino que ha estado en el centro de la pol\u00e9mica por su participaci\u00f3n en campa\u00f1as pol\u00edticas y por sus operaciones digitales.<\/p>\n<p>Garc\u00eda cre\u00f3 en Chile, en septiembre de 2020, la agencia Numen SpA. Cerimedo, por su parte, fund\u00f3 en Argentina una empresa con el mismo nombre. Aunque el argentino no aparece formalmente en la sociedad chilena, Garc\u00eda figuraba en el sitio web de la agencia trasandina como \u201cSocio\/Country Manager\u201d. De hecho, el v\u00ednculo entre ambos ya hab\u00eda sido expuesto en 2023.<\/p>\n<p>Cerimedo, adem\u00e1s,<strong>\u00a0reconoci\u00f3 ese a\u00f1o haber participado en la campa\u00f1a del Rechazo.\u00a0<\/strong>En una entrevista con el Centro Latinoamericano de Investigaci\u00f3n Period\u00edstica (CLIP), afirm\u00f3 que hab\u00eda trabajado con organizaciones civiles que le pagaron por sus servicios, aunque no identific\u00f3 p\u00fablicamente a cu\u00e1les se refer\u00eda.<\/p>\n<p>Tampoco existe informaci\u00f3n p\u00fablica que permita establecer si \u201cUnidos somos m\u00e1s fuertes\u201d fue una de las organizaciones a las que Cerimedo prest\u00f3 servicios.<\/p>\n<h2>C\u00e1mara y Fiscal\u00eda investigan eventual manipulaci\u00f3n<\/h2>\n<p>Los nuevos antecedentes aparecen mientras el papel de Cerimedo en la pol\u00edtica chilena comienza a ser objeto de investigaciones institucionales.<\/p>\n<p>Esta semana,\u00a0<strong>la C\u00e1mara de Diputados aprob\u00f3 la creaci\u00f3n de una comisi\u00f3n investigadora<\/strong> para indagar una eventual manipulaci\u00f3n de la opini\u00f3n p\u00fablica en procesos electorales y plebiscitarios.<\/p>\n<p>En paralelo,\u00a0<strong>la Fiscal\u00eda Centro Norte abri\u00f3 una investigaci\u00f3n penal<\/strong>\u00a0para determinar si existieron delitos relacionados con el papel que habr\u00eda desempe\u00f1ado Cerimedo en campa\u00f1as pol\u00edticas.<\/p>\n","protected":false},"excerpt":{"rendered":"<p>Nuevos antecedentes sobre el financiamiento de la campa\u00f1a por el Rechazo de 2022 vuelven a poner el foco en el entorno pol\u00edtico vinculado al\u00a0consultor argentino&hellip; <\/p>\n","protected":false},"author":7,"featured_media":108419,"comment_status":"closed","ping_status":"closed","sticky":false,"template":"","format":"standard","meta":{"footnotes":""},"categories":[37],"tags":[],"class_list":["post-108418","post","type-post","status-publish","format-standard","has-post-thumbnail","hentry","category-nacional"],"_links":{"self":[{"href":"https:\/\/www.radioamigavallenar.cl\/index.php?rest_route=\/wp\/v2\/posts\/108418","targetHints":{"allow":["GET"]}}],"collection":[{"href":"https:\/\/www.radioamigavallenar.cl\/index.php?rest_route=\/wp\/v2\/posts"}],"about":[{"href":"https:\/\/www.radioamigavallenar.cl\/index.php?rest_route=\/wp\/v2\/types\/post"}],"author":[{"embeddable":true,"href":"https:\/\/www.radioamigavallenar.cl\/index.php?rest_route=\/wp\/v2\/users\/7"}],"replies":[{"embeddable":true,"href":"https:\/\/www.radioamigavallenar.cl\/index.php?rest_route=%2Fwp%2Fv2%2Fcomments&post=108418"}],"version-history":[{"count":1,"href":"https:\/\/www.radioamigavallenar.cl\/index.php?rest_route=\/wp\/v2\/posts\/108418\/revisions"}],"predecessor-version":[{"id":108420,"href":"https:\/\/www.radioamigavallenar.cl\/index.php?rest_route=\/wp\/v2\/posts\/108418\/revisions\/108420"}],"wp:featuredmedia":[{"embeddable":true,"href":"https:\/\/www.radioamigavallenar.cl\/index.php?rest_route=\/wp\/v2\/media\/108419"}],"wp:attachment":[{"href":"https:\/\/www.radioamigavallenar.cl\/index.php?rest_route=%2Fwp%2Fv2%2Fmedia&parent=108418"}],"wp:term":[{"taxonomy":"category","embeddable":true,"href":"https:\/\/www.radioamigavallenar.cl\/index.php?rest_route=%2Fwp%2Fv2%2Fcategories&post=108418"},{"taxonomy":"post_tag","embeddable":true,"href":"https:\/\/www.radioamigavallenar.cl\/index.php?rest_route=%2Fwp%2Fv2%2Ftags&post=108418"}],"curies":[{"name":"wp","href":"https:\/\/api.w.org\/{rel}","templated":true}]}}