{"id":108409,"date":"2026-09-05T00:34:56","date_gmt":"2026-09-05T04:34:56","guid":{"rendered":"https:\/\/www.radioamigavallenar.cl\/?p=108409"},"modified":"2026-09-05T00:34:56","modified_gmt":"2026-09-05T04:34:56","slug":"centros-de-estudiantes-del-territorio-huasco-se-reunen-para-fortalecer-su-liderazgo","status":"publish","type":"post","link":"https:\/\/www.radioamigavallenar.cl\/?p=108409","title":{"rendered":"Centros de Estudiantes del territorio Huasco se re\u00fanen para fortalecer su liderazgo"},"content":{"rendered":"<p data-id=\"SKoriq\" data-pm-slice=\"1 1 []\">Una provechosa y enriquecedora jornada se vivi\u00f3 en el Centro Deportivo Filadelfia de Vallenar, donde se reunieron los representantes de los Centros de Estudiantes de las escuelas y liceos pertenecientes al Servicio Local de Educaci\u00f3n P\u00fablica (SLEP) Huasco.<\/p>\n<p data-id=\"v7vntc\">La actividad, liderada por el Departamento de Participaci\u00f3n y Vinculaci\u00f3n Territorial, tiene como objetivo fortalecer el liderazgo, la participaci\u00f3n democr\u00e1tica y la convivencia escolar mediante una jornada de trabajo colaborativo que promueva el di\u00e1logo, la reflexi\u00f3n y la elaboraci\u00f3n de propuestas orientadas a mejorar la gesti\u00f3n del Centro de Estudiantes en la escuela o liceo.<\/p>\n<p data-id=\"UiAib3\">\u201cEstas instancias son fundamentales para que los muchachos puedan desarrollar su liderazgo, generar v\u00ednculos con otros compa\u00f1eros de la provincia, conocer realidades que los circundan y que muchas veces, por estar muy encerrados en su propia realidad, no logran visualizar. Entonces es una apertura tambi\u00e9n a mirar m\u00e1s all\u00e1 de lo que pasa dentro de los establecimientos y, adem\u00e1s, entre otras cosas en com\u00fan, darse cuenta de que hay problem\u00e1ticas que comparten como j\u00f3venes y que son importantes tratarlas\u201d, coment\u00f3 Yasna Rivera, profesora asesora del Liceo Bicentenario Vallenar.<\/p>\n<p data-id=\"tgitVY\">La jornada inici\u00f3 con el saludo protocolar del director ejecutivo del SLEP Huasco, Javier Obanos, para luego comenzar los trabajos grupales, los cuales se dividieron en cuatro estaciones de aprendizaje: Comunicaci\u00f3n y convivencia escolar; participaci\u00f3n y liderazgo estudiantil; vinculaci\u00f3n con la comunidad y participaci\u00f3n territorial y la estaci\u00f3n de identidad, cultura y sentido de pertenencia.<\/p>\n<p data-id=\"gQp4JE\">Sebasti\u00e1n Ladino, representante de estudiantes del Liceo Jos\u00e9 Santos Ossa de Vallenar, mencion\u00f3 que \u201choy d\u00eda vimos mucho el hecho de que los estudiantes tengan cercan\u00eda, confianza, que se lleven bien entre s\u00ed, la convivencia en general. Y es muy importante porque a veces esto es lo que m\u00e1s dejamos de lado, sin saber que en s\u00ed esto es lo que una mala convivencia es lo que genera la mayor\u00eda de las causas de los problemas. Entonces, atacar directamente el punto de ra\u00edz es algo que nos orienta a nosotros como CEAL tambi\u00e9n a qu\u00e9 podemos hacer, c\u00f3mo podemos ayudar, qu\u00e9 actividades, ideas para que tengamos una mejor convivencia como estudiantes dentro del establecimiento y tambi\u00e9n con los dem\u00e1s establecimientos\u201d.<\/p>\n<p data-id=\"pqCgWJ\">Durante la actividad, los estudiantes participaron de din\u00e1micas de activaci\u00f3n, donde pudieron demostrar sus habilidades de liderazgo, trabajo grupal y coordinaci\u00f3n. Al cierre de la jornada, el SLEP Huasco entreg\u00f3 un reconocimiento por trayectorias dirigenciales a todos los estudiantes que este a\u00f1o dejan sus cargos.<\/p>\n<p data-id=\"HunzfE\">Como SLEP Huasco, agradecemos a los Centros de Estudiantes y profesores asesores por su compromiso, entusiasmo y dedicaci\u00f3n en la mejora continua de la gesti\u00f3n, liderazgo y participaci\u00f3n del Centro de Estudiantes de la escuela o liceo.<\/p>\n","protected":false},"excerpt":{"rendered":"<p>Una provechosa y enriquecedora jornada se vivi\u00f3 en el Centro Deportivo Filadelfia de Vallenar, donde se reunieron los representantes de los Centros de Estudiantes de&hellip; <\/p>\n","protected":false},"author":7,"featured_media":108410,"comment_status":"closed","ping_status":"closed","sticky":false,"template":"","format":"standard","meta":{"footnotes":""},"categories":[7],"tags":[],"class_list":["post-108409","post","type-post","status-publish","format-standard","has-post-thumbnail","hentry","category-atacama"],"_links":{"self":[{"href":"https:\/\/www.radioamigavallenar.cl\/index.php?rest_route=\/wp\/v2\/posts\/108409","targetHints":{"allow":["GET"]}}],"collection":[{"href":"https:\/\/www.radioamigavallenar.cl\/index.php?rest_route=\/wp\/v2\/posts"}],"about":[{"href":"https:\/\/www.radioamigavallenar.cl\/index.php?rest_route=\/wp\/v2\/types\/post"}],"author":[{"embeddable":true,"href":"https:\/\/www.radioamigavallenar.cl\/index.php?rest_route=\/wp\/v2\/users\/7"}],"replies":[{"embeddable":true,"href":"https:\/\/www.radioamigavallenar.cl\/index.php?rest_route=%2Fwp%2Fv2%2Fcomments&post=108409"}],"version-history":[{"count":1,"href":"https:\/\/www.radioamigavallenar.cl\/index.php?rest_route=\/wp\/v2\/posts\/108409\/revisions"}],"predecessor-version":[{"id":108411,"href":"https:\/\/www.radioamigavallenar.cl\/index.php?rest_route=\/wp\/v2\/posts\/108409\/revisions\/108411"}],"wp:featuredmedia":[{"embeddable":true,"href":"https:\/\/www.radioamigavallenar.cl\/index.php?rest_route=\/wp\/v2\/media\/108410"}],"wp:attachment":[{"href":"https:\/\/www.radioamigavallenar.cl\/index.php?rest_route=%2Fwp%2Fv2%2Fmedia&parent=108409"}],"wp:term":[{"taxonomy":"category","embeddable":true,"href":"https:\/\/www.radioamigavallenar.cl\/index.php?rest_route=%2Fwp%2Fv2%2Fcategories&post=108409"},{"taxonomy":"post_tag","embeddable":true,"href":"https:\/\/www.radioamigavallenar.cl\/index.php?rest_route=%2Fwp%2Fv2%2Ftags&post=108409"}],"curies":[{"name":"wp","href":"https:\/\/api.w.org\/{rel}","templated":true}]}}