{"id":108406,"date":"2026-09-05T00:33:54","date_gmt":"2026-09-05T04:33:54","guid":{"rendered":"https:\/\/www.radioamigavallenar.cl\/?p=108406"},"modified":"2026-09-05T00:33:54","modified_gmt":"2026-09-05T04:33:54","slug":"agrupacion-hijos-eternos-de-vallenar-y-municipalidad-de-vallenar-fueron-parte-de-un-intimo-y-significativo-conversatorio-de-duelo","status":"publish","type":"post","link":"https:\/\/www.radioamigavallenar.cl\/?p=108406","title":{"rendered":"Agrupaci\u00f3n Hijos Eternos de Vallenar y Municipalidad de Vallenar fueron parte de un \u00edntimo y significativo conversatorio de duelo"},"content":{"rendered":"<p data-id=\"W3W15l\" data-pm-slice=\"1 1 []\">La Agrupaci\u00f3n Hijos Eternos de Vallenar, junto a la Municipalidad de Vallenar, fueron parte de un \u00edntimo y significativo conversatorio de duelo, consciencia y espiritualidad en el centro de extensi\u00f3n cultural.<\/p>\n<p data-id=\"vACXxX\">Un espacio donde particip\u00f3 la encargada de gesti\u00f3n territorial, Francisca Gim\u00e9nez, que sirvi\u00f3 para reflexionar sobre la vida, la muerte y el duelo, comprendiendo que el dolor no tiene tiempos ni reglas y que nunca deber\u00eda vivirse en soledad.<\/p>\n<p data-id=\"3n3ciR\">Por \u00faltimo, la jornada abord\u00f3 el duelo desde la tanatolog\u00eda, la espiritualidad y la mirada sanadora de las constelaciones familiares, buscando entregar un espacio de acompa\u00f1amiento, comprensi\u00f3n y amor a trav\u00e9s de la profesional Claudia Segovia, tanat\u00f3loga, terapeuta hol\u00edstica y canalizadora espiritual.<\/p>\n","protected":false},"excerpt":{"rendered":"<p>La Agrupaci\u00f3n Hijos Eternos de Vallenar, junto a la Municipalidad de Vallenar, fueron parte de un \u00edntimo y significativo conversatorio de duelo, consciencia y espiritualidad&hellip; <\/p>\n","protected":false},"author":7,"featured_media":108407,"comment_status":"closed","ping_status":"closed","sticky":false,"template":"","format":"standard","meta":{"footnotes":""},"categories":[7],"tags":[],"class_list":["post-108406","post","type-post","status-publish","format-standard","has-post-thumbnail","hentry","category-atacama"],"_links":{"self":[{"href":"https:\/\/www.radioamigavallenar.cl\/index.php?rest_route=\/wp\/v2\/posts\/108406","targetHints":{"allow":["GET"]}}],"collection":[{"href":"https:\/\/www.radioamigavallenar.cl\/index.php?rest_route=\/wp\/v2\/posts"}],"about":[{"href":"https:\/\/www.radioamigavallenar.cl\/index.php?rest_route=\/wp\/v2\/types\/post"}],"author":[{"embeddable":true,"href":"https:\/\/www.radioamigavallenar.cl\/index.php?rest_route=\/wp\/v2\/users\/7"}],"replies":[{"embeddable":true,"href":"https:\/\/www.radioamigavallenar.cl\/index.php?rest_route=%2Fwp%2Fv2%2Fcomments&post=108406"}],"version-history":[{"count":1,"href":"https:\/\/www.radioamigavallenar.cl\/index.php?rest_route=\/wp\/v2\/posts\/108406\/revisions"}],"predecessor-version":[{"id":108408,"href":"https:\/\/www.radioamigavallenar.cl\/index.php?rest_route=\/wp\/v2\/posts\/108406\/revisions\/108408"}],"wp:featuredmedia":[{"embeddable":true,"href":"https:\/\/www.radioamigavallenar.cl\/index.php?rest_route=\/wp\/v2\/media\/108407"}],"wp:attachment":[{"href":"https:\/\/www.radioamigavallenar.cl\/index.php?rest_route=%2Fwp%2Fv2%2Fmedia&parent=108406"}],"wp:term":[{"taxonomy":"category","embeddable":true,"href":"https:\/\/www.radioamigavallenar.cl\/index.php?rest_route=%2Fwp%2Fv2%2Fcategories&post=108406"},{"taxonomy":"post_tag","embeddable":true,"href":"https:\/\/www.radioamigavallenar.cl\/index.php?rest_route=%2Fwp%2Fv2%2Ftags&post=108406"}],"curies":[{"name":"wp","href":"https:\/\/api.w.org\/{rel}","templated":true}]}}