{"id":108403,"date":"2026-09-05T00:31:44","date_gmt":"2026-09-05T04:31:44","guid":{"rendered":"https:\/\/www.radioamigavallenar.cl\/?p=108403"},"modified":"2026-09-05T00:31:44","modified_gmt":"2026-09-05T04:31:44","slug":"freirina-da-la-bienvenida-al-mes-de-la-patria-con-tradicional-izamiento-en-la-historica-glorieta","status":"publish","type":"post","link":"https:\/\/www.radioamigavallenar.cl\/?p=108403","title":{"rendered":"Freirina da la bienvenida al Mes de la Patria con tradicional izamiento en la hist\u00f3rica Glorieta"},"content":{"rendered":"<p data-id=\"pe3Ia3\" data-pm-slice=\"1 1 []\">Con una emotiva ceremonia encabezada por el alcalde Fernando Ruhl P\u00e9rez en la emblem\u00e1tica Glorieta de Freirina, la comuna dio oficialmente el vamos a las celebraciones de Fiestas Patrias 2026, congregando a autoridades, dirigentes sociales y vecinos de los sectores Jos\u00e9 Santos Ossa y Juan XXIII.<\/p>\n<p style=\"text-align: center;\" data-id=\"Z7oZQc\"><strong>Tradici\u00f3n y participaci\u00f3n comunitaria<\/strong><\/p>\n<p data-id=\"QXNRuX\">El tradicional izamiento del Pabell\u00f3n Nacional y la entonaci\u00f3n del Himno Patrio marcaron el inicio de una jornada dedicada al orgullo y la identidad local. Tras el protocolo, la comunidad disfrut\u00f3 de un encuentro marcado por la m\u00fasica, la danza y el folclor regional.<\/p>\n<p style=\"text-align: center;\" data-id=\"KDBkTM\"><strong>Presentaciones art\u00edsticas y folcl\u00f3ricas<\/strong><\/p>\n<p data-id=\"7kdvdk\">La ceremonia cont\u00f3 con la participaci\u00f3n de diversas agrupaciones y talentos locales que animaron el inicio del mes de la chilenidad:<\/p>\n<p style=\"text-align: center;\" data-id=\"54yFOx\"><strong>Danza y baile: Presentaci\u00f3n del grupo Entre Puerto y Valle.<\/strong><\/p>\n<p data-id=\"6T4M7N\">Cueca: Un lucido pie de cueca a cargo de los hermanos Joan Cruz y Yoleida Cruz, quienes pr\u00f3ximamente representar\u00e1n a Freirina en un campeonato nacional.<\/p>\n<p data-id=\"1euEwA\">M\u00fasica en vivo: Las agrupaciones Eclipse de Luna y Sones de Labrar llenaron de alegr\u00eda y tradici\u00f3n el hist\u00f3rico punto de encuentro comunal.<\/p>\n<p data-id=\"8XVGWR\">La actividad concluy\u00f3 con un espacio de convivencia ciudadana, dando inicio a un mes en que Freirina se reencontrar\u00e1 en torno a sus costumbres, tradiciones y la alegr\u00eda dieciochera.<\/p>\n","protected":false},"excerpt":{"rendered":"<p>Con una emotiva ceremonia encabezada por el alcalde Fernando Ruhl P\u00e9rez en la emblem\u00e1tica Glorieta de Freirina, la comuna dio oficialmente el vamos a las&hellip; <\/p>\n","protected":false},"author":7,"featured_media":108404,"comment_status":"closed","ping_status":"closed","sticky":false,"template":"","format":"standard","meta":{"footnotes":""},"categories":[7],"tags":[],"class_list":["post-108403","post","type-post","status-publish","format-standard","has-post-thumbnail","hentry","category-atacama"],"_links":{"self":[{"href":"https:\/\/www.radioamigavallenar.cl\/index.php?rest_route=\/wp\/v2\/posts\/108403","targetHints":{"allow":["GET"]}}],"collection":[{"href":"https:\/\/www.radioamigavallenar.cl\/index.php?rest_route=\/wp\/v2\/posts"}],"about":[{"href":"https:\/\/www.radioamigavallenar.cl\/index.php?rest_route=\/wp\/v2\/types\/post"}],"author":[{"embeddable":true,"href":"https:\/\/www.radioamigavallenar.cl\/index.php?rest_route=\/wp\/v2\/users\/7"}],"replies":[{"embeddable":true,"href":"https:\/\/www.radioamigavallenar.cl\/index.php?rest_route=%2Fwp%2Fv2%2Fcomments&post=108403"}],"version-history":[{"count":1,"href":"https:\/\/www.radioamigavallenar.cl\/index.php?rest_route=\/wp\/v2\/posts\/108403\/revisions"}],"predecessor-version":[{"id":108405,"href":"https:\/\/www.radioamigavallenar.cl\/index.php?rest_route=\/wp\/v2\/posts\/108403\/revisions\/108405"}],"wp:featuredmedia":[{"embeddable":true,"href":"https:\/\/www.radioamigavallenar.cl\/index.php?rest_route=\/wp\/v2\/media\/108404"}],"wp:attachment":[{"href":"https:\/\/www.radioamigavallenar.cl\/index.php?rest_route=%2Fwp%2Fv2%2Fmedia&parent=108403"}],"wp:term":[{"taxonomy":"category","embeddable":true,"href":"https:\/\/www.radioamigavallenar.cl\/index.php?rest_route=%2Fwp%2Fv2%2Fcategories&post=108403"},{"taxonomy":"post_tag","embeddable":true,"href":"https:\/\/www.radioamigavallenar.cl\/index.php?rest_route=%2Fwp%2Fv2%2Ftags&post=108403"}],"curies":[{"name":"wp","href":"https:\/\/api.w.org\/{rel}","templated":true}]}}