{"id":108394,"date":"2026-09-05T00:27:08","date_gmt":"2026-09-05T04:27:08","guid":{"rendered":"https:\/\/www.radioamigavallenar.cl\/?p=108394"},"modified":"2026-09-05T00:27:08","modified_gmt":"2026-09-05T04:27:08","slug":"alcalde-de-alto-del-carmen-y-vialidad-inspeccionan-puntos-criticos-y-coordinan-acciones-para-recuperar-la-conectividad-vial","status":"publish","type":"post","link":"https:\/\/www.radioamigavallenar.cl\/?p=108394","title":{"rendered":"Alcalde de Alto del Carmen y Vialidad inspeccionan puntos cr\u00edticos y coordinan acciones para recuperar la conectividad vial"},"content":{"rendered":"<p data-id=\"1lPCDk\" data-pm-slice=\"1 1 []\">En el marco de las labores de recuperaci\u00f3n tras los recientes eventos meteorol\u00f3gicos, el alcalde de Alto del Carmen, Cristian Olivares, encabez\u00f3 junto a equipos de la Direcci\u00f3n de Vialidad un despliegue en terreno por los sectores m\u00e1s cr\u00edticos de la comuna. Recorrieron localidades como Perales Norte, Chanchoqu\u00edn y Conay para evaluar el estado de los caminos y levantar necesidades urgentes.<\/p>\n<p data-id=\"PEkxIW\">Solicitudes y medidas para el valle El Carmen<\/p>\n<p data-id=\"kyGkxm\">Durante el recorrido, el jefe comunal gestion\u00f3 directamente con el director de Vialidad acciones prioritarias para restablecer el tr\u00e1nsito seguro:<\/p>\n<p data-id=\"rfg7cE\">Ruta C-571: Se solicit\u00f3 la habilitaci\u00f3n formal del tramo comprendido entre El Churcal y Piedras Juntas, medida esencial para garantizar la circulaci\u00f3n del transporte escolar y buses subvencionados.<\/p>\n<p data-id=\"1nwFCT\">Quebrada de Las Breas: Se revisaron las condiciones de conectividad de la zona, disponiendo la ejecuci\u00f3n de obras complementarias para superar los cortes viales.<\/p>\n<p style=\"text-align: center;\" data-id=\"vWFxoI\"><strong>Despliegue de materiales y reposici\u00f3n de tr\u00e1nsito<\/strong><\/p>\n<p data-id=\"w5HktD\">Como parte de la coordinaci\u00f3n operativa, durante la jornada se lleva a cabo el traslado de tuber\u00edas proporcionadas por el Ministerio de Obras P\u00fablicas (MOP) hacia la localidad de Las Breas. Esta infraestructura es clave para instalar los ductos necesarios que permitir\u00e1n habilitar nuevamente el paso del transporte p\u00fablico hacia la comunidad de El Corral.<\/p>\n<p data-id=\"jVR4FF\">Desde el municipio recalcaron que las coordinaciones con los organismos del Estado se mantienen activas para dar respuestas concretas y oportunas a los vecinos de los distintos valles afectados por las emergencias clim\u00e1ticas.<\/p>\n","protected":false},"excerpt":{"rendered":"<p>En el marco de las labores de recuperaci\u00f3n tras los recientes eventos meteorol\u00f3gicos, el alcalde de Alto del Carmen, Cristian Olivares, encabez\u00f3 junto a equipos&hellip; <\/p>\n","protected":false},"author":7,"featured_media":108395,"comment_status":"closed","ping_status":"closed","sticky":false,"template":"","format":"standard","meta":{"footnotes":""},"categories":[7],"tags":[],"class_list":["post-108394","post","type-post","status-publish","format-standard","has-post-thumbnail","hentry","category-atacama"],"_links":{"self":[{"href":"https:\/\/www.radioamigavallenar.cl\/index.php?rest_route=\/wp\/v2\/posts\/108394","targetHints":{"allow":["GET"]}}],"collection":[{"href":"https:\/\/www.radioamigavallenar.cl\/index.php?rest_route=\/wp\/v2\/posts"}],"about":[{"href":"https:\/\/www.radioamigavallenar.cl\/index.php?rest_route=\/wp\/v2\/types\/post"}],"author":[{"embeddable":true,"href":"https:\/\/www.radioamigavallenar.cl\/index.php?rest_route=\/wp\/v2\/users\/7"}],"replies":[{"embeddable":true,"href":"https:\/\/www.radioamigavallenar.cl\/index.php?rest_route=%2Fwp%2Fv2%2Fcomments&post=108394"}],"version-history":[{"count":1,"href":"https:\/\/www.radioamigavallenar.cl\/index.php?rest_route=\/wp\/v2\/posts\/108394\/revisions"}],"predecessor-version":[{"id":108396,"href":"https:\/\/www.radioamigavallenar.cl\/index.php?rest_route=\/wp\/v2\/posts\/108394\/revisions\/108396"}],"wp:featuredmedia":[{"embeddable":true,"href":"https:\/\/www.radioamigavallenar.cl\/index.php?rest_route=\/wp\/v2\/media\/108395"}],"wp:attachment":[{"href":"https:\/\/www.radioamigavallenar.cl\/index.php?rest_route=%2Fwp%2Fv2%2Fmedia&parent=108394"}],"wp:term":[{"taxonomy":"category","embeddable":true,"href":"https:\/\/www.radioamigavallenar.cl\/index.php?rest_route=%2Fwp%2Fv2%2Fcategories&post=108394"},{"taxonomy":"post_tag","embeddable":true,"href":"https:\/\/www.radioamigavallenar.cl\/index.php?rest_route=%2Fwp%2Fv2%2Ftags&post=108394"}],"curies":[{"name":"wp","href":"https:\/\/api.w.org\/{rel}","templated":true}]}}