{"id":108391,"date":"2026-09-05T00:25:31","date_gmt":"2026-09-05T04:25:31","guid":{"rendered":"https:\/\/www.radioamigavallenar.cl\/?p=108391"},"modified":"2026-09-05T00:25:31","modified_gmt":"2026-09-05T04:25:31","slug":"advierten-sobre-captura-ilegal-de-aves-silvestres-en-cerros-de-huasco-y-llaman-a-denunciar","status":"publish","type":"post","link":"https:\/\/www.radioamigavallenar.cl\/?p=108391","title":{"rendered":"Advierten sobre captura ilegal de aves silvestres en cerros de Huasco y llaman a denunciar"},"content":{"rendered":"<p data-id=\"jycLmy\" data-pm-slice=\"1 1 []\">La Oficina de Medio Ambiente de la comuna alert\u00f3 sobre la instalaci\u00f3n de jaulas trampa en sectores aleda\u00f1os a los cerros de Huasco, situaci\u00f3n que habr\u00eda sido denunciada ante el Servicio Agr\u00edcola y Ganadero (SAG). La pr\u00e1ctica estar\u00eda afectando particularmente al yale, ave silvestre protegida por la legislaci\u00f3n vigente.<\/p>\n<p data-id=\"KJ5UTN\">De acuerdo con los antecedentes entregados por el organismo, las denuncias apuntan a la utilizaci\u00f3n de jaulas trampa destinadas a capturar fauna nativa en distintos sectores de la comuna de Huasco, Regi\u00f3n de Atacama.<\/p>\n<p data-id=\"GRsSnR\">La autoridad medioambiental record\u00f3 que la captura, tenencia y comercializaci\u00f3n de aves silvestres protegidas se encuentra regulada por la legislaci\u00f3n y puede constituir una infracci\u00f3n. Adem\u00e1s del eventual incumplimiento normativo, estas pr\u00e1cticas representan una amenaza para la fauna y biodiversidad presente en el territorio.<\/p>\n<p data-id=\"Gl87Ae\">Ante esta situaci\u00f3n, la Oficina de Medio Ambiente llam\u00f3 a la comunidad a no capturar, comprar ni promover la comercializaci\u00f3n de aves silvestres, evitando contribuir a este tipo de pr\u00e1cticas.<\/p>\n<p data-id=\"bnqGsM\">Asimismo, se habilit\u00f3 un canal para que los vecinos puedan aportar antecedentes que permitan facilitar las labores de fiscalizaci\u00f3n. La informaci\u00f3n puede ser entregada a trav\u00e9s del WhatsApp +56 9 8293 9351, canal dispuesto para recibir antecedentes relacionados con estas denuncias.<\/p>\n<p data-id=\"D3GqgM\">Desde el organismo recalcaron la importancia de que la comunidad participe informando oportunamente la eventual instalaci\u00f3n de trampas o captura de fauna, de manera que los equipos competentes puedan adoptar las medidas correspondientes.<\/p>\n","protected":false},"excerpt":{"rendered":"<p>La Oficina de Medio Ambiente de la comuna alert\u00f3 sobre la instalaci\u00f3n de jaulas trampa en sectores aleda\u00f1os a los cerros de Huasco, situaci\u00f3n que&hellip; <\/p>\n","protected":false},"author":7,"featured_media":108392,"comment_status":"closed","ping_status":"closed","sticky":false,"template":"","format":"standard","meta":{"footnotes":""},"categories":[7],"tags":[],"class_list":["post-108391","post","type-post","status-publish","format-standard","has-post-thumbnail","hentry","category-atacama"],"_links":{"self":[{"href":"https:\/\/www.radioamigavallenar.cl\/index.php?rest_route=\/wp\/v2\/posts\/108391","targetHints":{"allow":["GET"]}}],"collection":[{"href":"https:\/\/www.radioamigavallenar.cl\/index.php?rest_route=\/wp\/v2\/posts"}],"about":[{"href":"https:\/\/www.radioamigavallenar.cl\/index.php?rest_route=\/wp\/v2\/types\/post"}],"author":[{"embeddable":true,"href":"https:\/\/www.radioamigavallenar.cl\/index.php?rest_route=\/wp\/v2\/users\/7"}],"replies":[{"embeddable":true,"href":"https:\/\/www.radioamigavallenar.cl\/index.php?rest_route=%2Fwp%2Fv2%2Fcomments&post=108391"}],"version-history":[{"count":1,"href":"https:\/\/www.radioamigavallenar.cl\/index.php?rest_route=\/wp\/v2\/posts\/108391\/revisions"}],"predecessor-version":[{"id":108393,"href":"https:\/\/www.radioamigavallenar.cl\/index.php?rest_route=\/wp\/v2\/posts\/108391\/revisions\/108393"}],"wp:featuredmedia":[{"embeddable":true,"href":"https:\/\/www.radioamigavallenar.cl\/index.php?rest_route=\/wp\/v2\/media\/108392"}],"wp:attachment":[{"href":"https:\/\/www.radioamigavallenar.cl\/index.php?rest_route=%2Fwp%2Fv2%2Fmedia&parent=108391"}],"wp:term":[{"taxonomy":"category","embeddable":true,"href":"https:\/\/www.radioamigavallenar.cl\/index.php?rest_route=%2Fwp%2Fv2%2Fcategories&post=108391"},{"taxonomy":"post_tag","embeddable":true,"href":"https:\/\/www.radioamigavallenar.cl\/index.php?rest_route=%2Fwp%2Fv2%2Ftags&post=108391"}],"curies":[{"name":"wp","href":"https:\/\/api.w.org\/{rel}","templated":true}]}}