{"id":108388,"date":"2026-09-05T00:24:12","date_gmt":"2026-09-05T04:24:12","guid":{"rendered":"https:\/\/www.radioamigavallenar.cl\/?p=108388"},"modified":"2026-09-05T00:24:12","modified_gmt":"2026-09-05T04:24:12","slug":"fiscalia-ordena-busqueda-de-condenado-que-se-fugo-en-atacama","status":"publish","type":"post","link":"https:\/\/www.radioamigavallenar.cl\/?p=108388","title":{"rendered":"Fiscal\u00eda ordena b\u00fasqueda de condenado que se fug\u00f3 en Atacama"},"content":{"rendered":"<p>La Fiscal\u00eda Regional de Atacama inform\u00f3 que inici\u00f3 diversas diligencias para ubicar y detener a un condenado a 10 a\u00f1os de r\u00e9gimen cerrado por el delito de homicidio calificado, quien se fug\u00f3 tras una salida autorizada judicialmente.<\/p>\n<div class=\"code-block code-block-3\">\n<div id=\"sas_99069\"><\/div>\n<\/div>\n<p>El Ministerio P\u00fablico se\u00f1al\u00f3 que la salida del condenado fue autorizada por el Juzgado de Garant\u00eda de Copiap\u00f3, a solicitud de su defensa y sin que se realizara una audiencia previa en la que pudiera intervenir la Fiscal\u00eda.<\/p>\n<p>Una vez conocida la fuga, el Ministerio P\u00fablico solicit\u00f3 la respectiva orden de detenci\u00f3n e instruy\u00f3 a la Polic\u00eda de Investigaciones y Carabineros para desarrollar su b\u00fasqueda, tanto dentro como fuera de la regi\u00f3n.<\/p>\n<p>Paralelamente, se adoptaron medidas destinadas a resguardar la seguridad de las v\u00edctimas y testigos vinculados al homicidio por el cual el condenado cumple su sentencia.<\/p>\n<div class=\"code-block code-block-5\">\n<div id=\"sas_99435\"><\/div>\n<\/div>\n<p>La Fiscal\u00eda tambi\u00e9n abri\u00f3 una investigaci\u00f3n para establecer c\u00f3mo se produjo la evasi\u00f3n y determinar si existi\u00f3 participaci\u00f3n o facilitaci\u00f3n por parte de terceras personas, con el objetivo de establecer eventuales responsabilidades penales.<\/p>\n<p>El Ministerio P\u00fablico indic\u00f3 que continuar\u00e1 desarrollando las diligencias necesarias para lograr la pronta detenci\u00f3n del condenado y esclarecer completamente las circunstancias que permitieron su fuga.<\/p>\n","protected":false},"excerpt":{"rendered":"<p>La Fiscal\u00eda Regional de Atacama inform\u00f3 que inici\u00f3 diversas diligencias para ubicar y detener a un condenado a 10 a\u00f1os de r\u00e9gimen cerrado por el&hellip; <\/p>\n","protected":false},"author":7,"featured_media":108389,"comment_status":"closed","ping_status":"closed","sticky":false,"template":"","format":"standard","meta":{"footnotes":""},"categories":[38],"tags":[],"class_list":["post-108388","post","type-post","status-publish","format-standard","has-post-thumbnail","hentry","category-portada-regional"],"_links":{"self":[{"href":"https:\/\/www.radioamigavallenar.cl\/index.php?rest_route=\/wp\/v2\/posts\/108388","targetHints":{"allow":["GET"]}}],"collection":[{"href":"https:\/\/www.radioamigavallenar.cl\/index.php?rest_route=\/wp\/v2\/posts"}],"about":[{"href":"https:\/\/www.radioamigavallenar.cl\/index.php?rest_route=\/wp\/v2\/types\/post"}],"author":[{"embeddable":true,"href":"https:\/\/www.radioamigavallenar.cl\/index.php?rest_route=\/wp\/v2\/users\/7"}],"replies":[{"embeddable":true,"href":"https:\/\/www.radioamigavallenar.cl\/index.php?rest_route=%2Fwp%2Fv2%2Fcomments&post=108388"}],"version-history":[{"count":1,"href":"https:\/\/www.radioamigavallenar.cl\/index.php?rest_route=\/wp\/v2\/posts\/108388\/revisions"}],"predecessor-version":[{"id":108390,"href":"https:\/\/www.radioamigavallenar.cl\/index.php?rest_route=\/wp\/v2\/posts\/108388\/revisions\/108390"}],"wp:featuredmedia":[{"embeddable":true,"href":"https:\/\/www.radioamigavallenar.cl\/index.php?rest_route=\/wp\/v2\/media\/108389"}],"wp:attachment":[{"href":"https:\/\/www.radioamigavallenar.cl\/index.php?rest_route=%2Fwp%2Fv2%2Fmedia&parent=108388"}],"wp:term":[{"taxonomy":"category","embeddable":true,"href":"https:\/\/www.radioamigavallenar.cl\/index.php?rest_route=%2Fwp%2Fv2%2Fcategories&post=108388"},{"taxonomy":"post_tag","embeddable":true,"href":"https:\/\/www.radioamigavallenar.cl\/index.php?rest_route=%2Fwp%2Fv2%2Ftags&post=108388"}],"curies":[{"name":"wp","href":"https:\/\/api.w.org\/{rel}","templated":true}]}}