{"id":108382,"date":"2026-09-05T00:20:51","date_gmt":"2026-09-05T04:20:51","guid":{"rendered":"https:\/\/www.radioamigavallenar.cl\/?p=108382"},"modified":"2026-09-05T00:20:51","modified_gmt":"2026-09-05T04:20:51","slug":"abren-nueva-convocatoria-para-becas-de-doctorado-en-alemania","status":"publish","type":"post","link":"https:\/\/www.radioamigavallenar.cl\/?p=108382","title":{"rendered":"Abren nueva convocatoria para Becas de Doctorado en Alemania"},"content":{"rendered":"<p>El Ministerio de Ciencia, Tecnolog\u00eda, Conocimiento e Innovaci\u00f3n en conjunto con el Servicio Alem\u00e1n de Intercambio Acad\u00e9mico (DAAD) abri\u00f3 la convocatoria del Concurso Beca Doctorado Becas Chile ANID-DAAD, que financia estudios de doctorado en Alemania.<\/p>\n<p>La Ministra de la cartera, la Dra. Ximena Lincolao, se\u00f1al\u00f3 que \u00abestamos uniendo fuerzas con Alemania para abrir una nueva convocatoria de esta beca que permite a chilenos y chilenas cursar estudios de doctorado en ese pa\u00eds. Formar capital humano avanzado con programas de excelencia acad\u00e9mica es una inversi\u00f3n directa en las capacidades cient\u00edficas y tecnol\u00f3gicas que Chile necesita, y cada persona que regresa con ese conocimiento fortalece a la academia, a la industria y al Estado\u00bb.<\/p>\n<p>Por su parte, Katherine Pino, Seremi de Ciencia, Tecnolog\u00eda, Conocimiento e Innovaci\u00f3n de la Regi\u00f3n de Atacama, expres\u00f3: \u201cPara nuestra regi\u00f3n, esta convocatoria es una gran oportunidad, ya que permite que m\u00e1s profesionales de Atacama puedan acceder a formaci\u00f3n doctoral de excelencia internacional. Para nosotros como Gobierno, es una prioridad que ese conocimiento vuelva a los territorios y contribuya a generar soluciones para nuestros desaf\u00edos en tecnolog\u00eda, ciencia e innovaci\u00f3n, fortaleciendo las capacidades locales de desarrollo\u201d<\/p>\n<p>La beca es cofinanciada por ambas instituciones. El Ministerio CTCI cubre los costos de matr\u00edcula, arancel y manutenci\u00f3n, mientras que el DAAD complementa este apoyo con seguros de salud, actividades de acompa\u00f1amiento y cursos de idioma alem\u00e1n de entre dos y seis meses, tanto en Chile como en Alemania.<\/p>\n<p>La Directora en Chile del DAAD, Andrea Riedemann, afirm\u00f3 que \u00abtenemos muchas universidades que ofrecen programas doctorales de primer nivel, con una tradici\u00f3n cient\u00edfica s\u00f3lida y una infraestructura de investigaci\u00f3n de excelencia. Ese es el est\u00e1ndar al que acceden quienes se forman a trav\u00e9s de este programa, y es lo que convierte a esta convocatoria en una oportunidad real para quienes buscan una formaci\u00f3n doctoral de clase mundial\u00bb.<\/p>\n<p>Por su parte, la Encargada de Negocios a.i. de la Embajada de Alemania, Carola Bruhn, se\u00f1al\u00f3 que \u00abeste programa es un ejemplo concreto de c\u00f3mo la cooperaci\u00f3n bilateral en ciencia e investigaci\u00f3n puede traducirse en oportunidades reales para las personas.<\/p>\n<p>Seguimos comprometidos con profundizar esta relaci\u00f3n, que beneficia tanto a Chile como a Alemania\u00bb.<\/p>\n<p>Uno de los actuales becarios es Mario Corbal\u00e1n, quien se encuentra estudiando un doctorado en Bioelectroqu\u00edmica en la Ruhr-Universit\u00e4t Bochum, Alemania.<\/p>\n","protected":false},"excerpt":{"rendered":"<p>El Ministerio de Ciencia, Tecnolog\u00eda, Conocimiento e Innovaci\u00f3n en conjunto con el Servicio Alem\u00e1n de Intercambio Acad\u00e9mico (DAAD) abri\u00f3 la convocatoria del Concurso Beca Doctorado&hellip; <\/p>\n","protected":false},"author":7,"featured_media":108383,"comment_status":"closed","ping_status":"closed","sticky":false,"template":"","format":"standard","meta":{"footnotes":""},"categories":[38],"tags":[],"class_list":["post-108382","post","type-post","status-publish","format-standard","has-post-thumbnail","hentry","category-portada-regional"],"_links":{"self":[{"href":"https:\/\/www.radioamigavallenar.cl\/index.php?rest_route=\/wp\/v2\/posts\/108382","targetHints":{"allow":["GET"]}}],"collection":[{"href":"https:\/\/www.radioamigavallenar.cl\/index.php?rest_route=\/wp\/v2\/posts"}],"about":[{"href":"https:\/\/www.radioamigavallenar.cl\/index.php?rest_route=\/wp\/v2\/types\/post"}],"author":[{"embeddable":true,"href":"https:\/\/www.radioamigavallenar.cl\/index.php?rest_route=\/wp\/v2\/users\/7"}],"replies":[{"embeddable":true,"href":"https:\/\/www.radioamigavallenar.cl\/index.php?rest_route=%2Fwp%2Fv2%2Fcomments&post=108382"}],"version-history":[{"count":1,"href":"https:\/\/www.radioamigavallenar.cl\/index.php?rest_route=\/wp\/v2\/posts\/108382\/revisions"}],"predecessor-version":[{"id":108384,"href":"https:\/\/www.radioamigavallenar.cl\/index.php?rest_route=\/wp\/v2\/posts\/108382\/revisions\/108384"}],"wp:featuredmedia":[{"embeddable":true,"href":"https:\/\/www.radioamigavallenar.cl\/index.php?rest_route=\/wp\/v2\/media\/108383"}],"wp:attachment":[{"href":"https:\/\/www.radioamigavallenar.cl\/index.php?rest_route=%2Fwp%2Fv2%2Fmedia&parent=108382"}],"wp:term":[{"taxonomy":"category","embeddable":true,"href":"https:\/\/www.radioamigavallenar.cl\/index.php?rest_route=%2Fwp%2Fv2%2Fcategories&post=108382"},{"taxonomy":"post_tag","embeddable":true,"href":"https:\/\/www.radioamigavallenar.cl\/index.php?rest_route=%2Fwp%2Fv2%2Ftags&post=108382"}],"curies":[{"name":"wp","href":"https:\/\/api.w.org\/{rel}","templated":true}]}}