{"id":108379,"date":"2026-09-05T00:19:09","date_gmt":"2026-09-05T04:19:09","guid":{"rendered":"https:\/\/www.radioamigavallenar.cl\/?p=108379"},"modified":"2026-09-05T00:19:09","modified_gmt":"2026-09-05T04:19:09","slug":"comienzan-obras-de-rehabilitacion-de-los-canales-las-marquezas-y-placeta","status":"publish","type":"post","link":"https:\/\/www.radioamigavallenar.cl\/?p=108379","title":{"rendered":"Comienzan obras de rehabilitaci\u00f3n de los canales Las Marquezas y Placeta"},"content":{"rendered":"<p>Con el objetivo de mejorar la infraestructura de riego y fortalecer la seguridad y eficiencia en la distribuci\u00f3n del recurso h\u00eddrico, se iniciaron las obras de rehabilitaci\u00f3n de los canales Las Marquezas y Placeta, marcando el comienzo de un conjunto de intervenciones destinadas a recuperar y modernizar la red de canales, tras la emergencia clim\u00e1tica de los \u00faltimos meses.<\/p>\n<p>Los trabajos comenzaron en los sectores correspondientes a los canales Las Marquezas y Placeta, donde se contempla la ejecuci\u00f3n de obras orientadas a mejorar las condiciones de conducci\u00f3n del agua, reducir p\u00e9rdidas y entregar mayor seguridad a los usuarios de riego.<\/p>\n<p>La iniciativa busca contribuir directamente a retomar el desarrollo y fortalecimiento de la actividad agr\u00edcola, favoreciendo una distribuci\u00f3n m\u00e1s eficiente y oportuna del agua, especialmente durante los per\u00edodos de mayor demanda.<\/p>\n<p>Al respecto el secretario regional ministerial de Agricultura, Guillermo Procuriza Naim, se\u00f1al\u00f3 que \u201cuna de las necesidades m\u00e1s sentidas de nuestros agricultores es recuperar sus canales aterrados por las \u00faltimas precipitaciones, para poder reanudar sus labores de riego. Es por eso, que, tras el catastro, ahora comenzamos las labores de rehabilitaci\u00f3n de forma tal que su actividad productiva no se vea interrumpida por las inclemencias del tiempo. El inicio de estas obras representa un avance significativo para la conservaci\u00f3n y modernizaci\u00f3n de la infraestructura h\u00eddrica, permitiendo abordar las necesidades de los regantes y avanzar hacia una red de riego m\u00e1s segura, eficiente y preparada para los desaf\u00edos actuales\u201d<\/p>\n<p>Por su parte el Delegado Presidencial Provincial de Huasco, Juan Donoso, mencion\u00f3 que \u201ccomo Gobierno estamos plenamente comprometidos con nuestros agricultores y agricultoras del Valle del Huasco. Sabemos que los recientes temporales han provocado da\u00f1os importantes y que hoy existe una necesidad urgente de contar con maquinaria y recursos para realizar las labores de limpieza y despeje que permitan recuperar y habilitar los canales de regad\u00edo afectados\u201d.<\/p>\n<p>En tanto, la Directora Regional (S) de INDAP, Daniela Pino Hern\u00e1ndez asegur\u00f3 que \u201cestamos utilizando la informaci\u00f3n entregada por la empresa que nos provee de datos geoespaciales precisos los que revisa la unidad de riego regional y con ello finalmente estamos determinando la intervenci\u00f3n en la rehabilitaci\u00f3n tanto en la toma de decisiones sobr\u00e9 qu\u00e9 tramo o canal intervenir y los recursos destinados para ello. Quiero recalcar que como Ministerio de Agricultura a trav\u00e9s de INDAP hemos venido realizando una labor de coordinaci\u00f3n permanente con la Comisi\u00f3n Nacional de Riego y el Gobierno Regional de Atacama quienes est\u00e1n desarrollando otra importante labor junto a la Junta de Vigilancia del r\u00edo Huasco para en conjunto distribuir las labores de recomposici\u00f3n en la red de canales afectados\u201d<\/p>\n<p>El compromiso manifestado por las autoridades es avanzar con prontitud en la destinaci\u00f3n de los recursos necesarios, coordinando a los distintos servicios p\u00fablicos para entregar una respuesta concreta y oportuna. Adem\u00e1s de seguir trabajando en terreno, junto a las organizaciones agr\u00edcolas, porque recuperar los sistemas de riego es fundamental para reactivar la actividad productiva y dar tranquilidad a las familias del Valle del Huasco.<\/p>\n<p>Las labores ser\u00e1n desarrolladas de manera coordinada con los usuarios y las organizaciones vinculadas a la administraci\u00f3n del recurso, tales como la junta de vigilancia del r\u00edo Huasco, entre otras, procurando compatibilizar la ejecuci\u00f3n de los trabajos con las necesidades de riego de los distintos sectores.<\/p>\n<p>Con la intervenci\u00f3n de los canales Las Marquezas y Placeta se da as\u00ed el primer paso de un programa de rehabilitaci\u00f3n que busca recuperar infraestructura clave para el abastecimiento de agua y entregar mejores condiciones para quienes dependen de ella para sus actividades productivas.<\/p>\n","protected":false},"excerpt":{"rendered":"<p>Con el objetivo de mejorar la infraestructura de riego y fortalecer la seguridad y eficiencia en la distribuci\u00f3n del recurso h\u00eddrico, se iniciaron las obras&hellip; <\/p>\n","protected":false},"author":7,"featured_media":108380,"comment_status":"closed","ping_status":"closed","sticky":false,"template":"","format":"standard","meta":{"footnotes":""},"categories":[7],"tags":[],"class_list":["post-108379","post","type-post","status-publish","format-standard","has-post-thumbnail","hentry","category-atacama"],"_links":{"self":[{"href":"https:\/\/www.radioamigavallenar.cl\/index.php?rest_route=\/wp\/v2\/posts\/108379","targetHints":{"allow":["GET"]}}],"collection":[{"href":"https:\/\/www.radioamigavallenar.cl\/index.php?rest_route=\/wp\/v2\/posts"}],"about":[{"href":"https:\/\/www.radioamigavallenar.cl\/index.php?rest_route=\/wp\/v2\/types\/post"}],"author":[{"embeddable":true,"href":"https:\/\/www.radioamigavallenar.cl\/index.php?rest_route=\/wp\/v2\/users\/7"}],"replies":[{"embeddable":true,"href":"https:\/\/www.radioamigavallenar.cl\/index.php?rest_route=%2Fwp%2Fv2%2Fcomments&post=108379"}],"version-history":[{"count":1,"href":"https:\/\/www.radioamigavallenar.cl\/index.php?rest_route=\/wp\/v2\/posts\/108379\/revisions"}],"predecessor-version":[{"id":108381,"href":"https:\/\/www.radioamigavallenar.cl\/index.php?rest_route=\/wp\/v2\/posts\/108379\/revisions\/108381"}],"wp:featuredmedia":[{"embeddable":true,"href":"https:\/\/www.radioamigavallenar.cl\/index.php?rest_route=\/wp\/v2\/media\/108380"}],"wp:attachment":[{"href":"https:\/\/www.radioamigavallenar.cl\/index.php?rest_route=%2Fwp%2Fv2%2Fmedia&parent=108379"}],"wp:term":[{"taxonomy":"category","embeddable":true,"href":"https:\/\/www.radioamigavallenar.cl\/index.php?rest_route=%2Fwp%2Fv2%2Fcategories&post=108379"},{"taxonomy":"post_tag","embeddable":true,"href":"https:\/\/www.radioamigavallenar.cl\/index.php?rest_route=%2Fwp%2Fv2%2Ftags&post=108379"}],"curies":[{"name":"wp","href":"https:\/\/api.w.org\/{rel}","templated":true}]}}