{"id":108376,"date":"2026-09-05T00:16:52","date_gmt":"2026-09-05T04:16:52","guid":{"rendered":"https:\/\/www.radioamigavallenar.cl\/?p=108376"},"modified":"2026-09-05T00:16:52","modified_gmt":"2026-09-05T04:16:52","slug":"safe-mining-2026-cmp-comparte-su-experiencia-en-seguridad-innovacion-y-gestion-de-riesgos","status":"publish","type":"post","link":"https:\/\/www.radioamigavallenar.cl\/?p=108376","title":{"rendered":"Safe Mining 2026: CMP comparte su experiencia en seguridad, innovaci\u00f3n y gesti\u00f3n de riesgos"},"content":{"rendered":"<p>La compa\u00f1\u00eda particip\u00f3 durante las tres jornadas del encuentro internacional, que reuni\u00f3 a m\u00e1s de 300 expertos y contempl\u00f3 m\u00e1s de 90 presentaciones t\u00e9cnicas sobre seguridad y salud ocupacional en miner\u00eda.<\/p>\n<p>Entre el 1 y el 3 de septiembre se desarroll\u00f3 en Santiago la cuarta Conferencia Internacional en Seguridad y Salud Ocupacional en Miner\u00eda, Safe Mining 2026, instancia en la que Compa\u00f1\u00eda Minera del Pac\u00edfico (CMP) comparti\u00f3 experiencias y conocimientos junto a representantes de la industria, la academia y organizaciones especializadas, en torno a los principales desaf\u00edos de la seguridad y la salud ocupacional.<\/p>\n<p>Organizado por Gecamin, el Departamento de Ingenier\u00eda en Minas de la Universidad de Santiago de Chile, la Universidad de Calgary y el Sustainable Minerals Institute (SMI) Chile, el encuentro convoc\u00f3 a m\u00e1s de 300 expertos y contempl\u00f3 m\u00e1s de 90 presentaciones t\u00e9cnicas sobre gesti\u00f3n de riesgos, controles cr\u00edticos, inteligencia artificial, salud ocupacional, fatiga, bienestar y transformaci\u00f3n digital aplicada a la seguridad.<\/p>\n<p>CMP instal\u00f3 en la conversaci\u00f3n c\u00f3mo la gesti\u00f3n preventiva es parte fundamental del negocio en la charla plenaria \u201cDe la reacci\u00f3n a la anticipaci\u00f3n: la gesti\u00f3n preventiva como modelo de negocio\u201d, donde present\u00f3 la experiencia de la compa\u00f1\u00eda con su modelo de Gesti\u00f3n de Riesgos en los Procesos (GRP) y su evoluci\u00f3n hacia una herramienta transversal para la gesti\u00f3n del negocio.<\/p>\n<p>\u201cComo CMP estamos orgullosos de participar una vez m\u00e1s en Safe Mining, en esta cuarta versi\u00f3n del congreso internacional. La relevancia de esta instancia es compartir los aprendizajes e instalar el valor de la gesti\u00f3n de riesgos a nivel organizacional, como un modelo de negocios y operativo, que nos permite anticipar cualquier gesti\u00f3n de riesgos para la toma de decisiones, y as\u00ed obtener excelente resultados\u201d, se\u00f1al\u00f3 Paulina Andreoli.<\/p>\n<p>La compa\u00f1\u00eda particip\u00f3 los tres d\u00edas del evento, con exposiciones vinculadas a inteligencia artificial, transformaci\u00f3n digital y gesti\u00f3n de riesgos. Crist\u00f3bal Trigo, jefe de Transformaci\u00f3n Digital, present\u00f3 \u201cAutomatizaci\u00f3n inteligente de acreditaci\u00f3n y fiscalizaci\u00f3n laboral minera mediante IA\u201d; Francisco Bast\u00edas, superintendente de TI, expuso sobre \u201cGeneraci\u00f3n de instructivos y procedimientos con IAG\u201d; y Kasandra<\/p>\n<p>Pav\u00e9z, superintendente de Anal\u00edtica y Gesti\u00f3n Operacional, abord\u00f3 la \u201cAutomatizaci\u00f3n de investigaci\u00f3n de incidentes con IA generativa en miner\u00eda\u201d.<\/p>\n<p>Desde Gecamin valoraron la presencia de compa\u00f1\u00edas que aportan desde su experiencia concreta a los desaf\u00edos de la industria. En este sentido, su gerente general y director ejecutivo Safe Mining, Carlos Barahona, destac\u00f3 que \u201cLa seguridad es uno de los pilares de la industria minera. Tener esta plataforma donde vienen representantes de 40 empresas mineras, con m\u00e1s de 110 profesionales, es importante para intercambiar informaci\u00f3n de avances y resultados para hacer una mejor gesti\u00f3n\u201d. Junto con ello, agreg\u00f3 que \u201cme alegro que hayamos tenido exposiciones de CMP, en que conocimos su modelo de gesti\u00f3n de riesgos de los \u00faltimos a\u00f1os. Es relevante la participaci\u00f3n de estas empresas que van marcando el horizonte, con estrategia y desarrollo integral\u201d.<\/p>\n<p>La experiencia de CMP en esta instancia internacional permiti\u00f3 intercambiar aprendizajes desarrollados desde la operaci\u00f3n y, a la vez, recoger nuevas perspectivas para seguir fortaleciendo la gesti\u00f3n de riesgos. Con ello, la compa\u00f1\u00eda reafirma su compromiso con la generaci\u00f3n y transferencia de conocimiento, avanzando hacia una miner\u00eda cada vez m\u00e1s segura, sostenible y capaz de anticiparse a sus desaf\u00edos.<\/p>\n","protected":false},"excerpt":{"rendered":"<p>La compa\u00f1\u00eda particip\u00f3 durante las tres jornadas del encuentro internacional, que reuni\u00f3 a m\u00e1s de 300 expertos y contempl\u00f3 m\u00e1s de 90 presentaciones t\u00e9cnicas sobre&hellip; <\/p>\n","protected":false},"author":7,"featured_media":108377,"comment_status":"closed","ping_status":"closed","sticky":false,"template":"","format":"standard","meta":{"footnotes":""},"categories":[38],"tags":[],"class_list":["post-108376","post","type-post","status-publish","format-standard","has-post-thumbnail","hentry","category-portada-regional"],"_links":{"self":[{"href":"https:\/\/www.radioamigavallenar.cl\/index.php?rest_route=\/wp\/v2\/posts\/108376","targetHints":{"allow":["GET"]}}],"collection":[{"href":"https:\/\/www.radioamigavallenar.cl\/index.php?rest_route=\/wp\/v2\/posts"}],"about":[{"href":"https:\/\/www.radioamigavallenar.cl\/index.php?rest_route=\/wp\/v2\/types\/post"}],"author":[{"embeddable":true,"href":"https:\/\/www.radioamigavallenar.cl\/index.php?rest_route=\/wp\/v2\/users\/7"}],"replies":[{"embeddable":true,"href":"https:\/\/www.radioamigavallenar.cl\/index.php?rest_route=%2Fwp%2Fv2%2Fcomments&post=108376"}],"version-history":[{"count":1,"href":"https:\/\/www.radioamigavallenar.cl\/index.php?rest_route=\/wp\/v2\/posts\/108376\/revisions"}],"predecessor-version":[{"id":108378,"href":"https:\/\/www.radioamigavallenar.cl\/index.php?rest_route=\/wp\/v2\/posts\/108376\/revisions\/108378"}],"wp:featuredmedia":[{"embeddable":true,"href":"https:\/\/www.radioamigavallenar.cl\/index.php?rest_route=\/wp\/v2\/media\/108377"}],"wp:attachment":[{"href":"https:\/\/www.radioamigavallenar.cl\/index.php?rest_route=%2Fwp%2Fv2%2Fmedia&parent=108376"}],"wp:term":[{"taxonomy":"category","embeddable":true,"href":"https:\/\/www.radioamigavallenar.cl\/index.php?rest_route=%2Fwp%2Fv2%2Fcategories&post=108376"},{"taxonomy":"post_tag","embeddable":true,"href":"https:\/\/www.radioamigavallenar.cl\/index.php?rest_route=%2Fwp%2Fv2%2Ftags&post=108376"}],"curies":[{"name":"wp","href":"https:\/\/api.w.org\/{rel}","templated":true}]}}