{"id":108373,"date":"2026-09-05T00:15:54","date_gmt":"2026-09-05T04:15:54","guid":{"rendered":"https:\/\/www.radioamigavallenar.cl\/?p=108373"},"modified":"2026-09-05T00:15:54","modified_gmt":"2026-09-05T04:15:54","slug":"santo-tomas-copiapo-celebra-a-sus-nuevos-114-profesionales-en-emotiva-ceremonia-de-titulacion","status":"publish","type":"post","link":"https:\/\/www.radioamigavallenar.cl\/?p=108373","title":{"rendered":"Santo Tom\u00e1s Copiap\u00f3 celebra a sus nuevos 114 profesionales en emotiva ceremonia de titulaci\u00f3n"},"content":{"rendered":"<ul type=\"disc\">\n<li class=\"x_MsoNormal\"><span data-olk-copy-source=\"MessageBody\">La ceremonia estuvo marcada por emotivos discursos de los titulados, quienes destacaron el esfuerzo y la perseverancia detr\u00e1s de este importante logro.\u00a0<\/span><\/li>\n<\/ul>\n<p class=\"x_MsoNormal\"><b>\u00a0<\/b>Con emoci\u00f3n y orgullo, Santo Tom\u00e1s Copiap\u00f3 llev\u00f3 a cabo tres ceremonias de titulaci\u00f3n, instancia en la que 114 estudiantes de distintas carreras recibieron oficialmente sus t\u00edtulos, culminando un proceso marcado por el aprendizaje, los desaf\u00edos y numerosas historias de esfuerzo y perseverancia. Durante las ceremonias, los propios titulados fueron protagonistas de emotivos discursos que reflejaron la importancia de alcanzar esta meta junto a sus familias, docentes y compa\u00f1eros.<\/p>\n<p class=\"x_MsoNormal\">En representaci\u00f3n de su \u00e1rea, Natalia Galleguillos Bugue\u00f1o destac\u00f3 la diversidad de historias que caracteriz\u00f3 a sus compa\u00f1eros y compa\u00f1eras, recordando que para muchos compatibilizar los estudios con el trabajo, la maternidad o situaciones familiares complejas signific\u00f3 un importante desaf\u00edo. Su testimonio puso en valor la capacidad de cada estudiante para seguir adelante pese a las dificultades y alcanzar finalmente una meta que, en muchos casos, requiri\u00f3 importantes sacrificios personales y familiares.<\/p>\n<p class=\"x_MsoNormal\">A su vez, Nicol Malebr\u00e1n Rojas puso en valor la formaci\u00f3n humana recibida durante la carrera de Servicio Social, destacando las experiencias adquiridas durante el proceso. En su discurso, enfatiz\u00f3 el compromiso que implica convertirse en profesionales del \u00e1rea social, se\u00f1alando que \u201cnuestro t\u00edtulo no es para colgarlo en la pared, es para ponerlo al servicio de la gente, para defender derechos, para acompa\u00f1ar con respeto y para no ser indiferentes nunca\u201d. Tambi\u00e9n agradeci\u00f3 especialmente a las familias por el apoyo, la paciencia y el cari\u00f1o entregado durante estos a\u00f1os.<\/p>\n<p class=\"x_MsoNormal\">Por su parte, Eva Moya Sep\u00falveda, titulada de Ingenier\u00eda en Administraci\u00f3n de Empresas, resalt\u00f3 que este momento representa el cierre de una etapa y, al mismo tiempo, el comienzo de nuevos desaf\u00edos. \u201cHoy no solamente recibimos un t\u00edtulo de ingenieros e ingenieras en administraci\u00f3n de empresas. Celebramos cuatro a\u00f1os de esfuerzo, cuatro a\u00f1os de perseverancia, de aprendizaje y, sobre todo, sue\u00f1os\u201d, expres\u00f3, para luego entregar un mensaje a sus compa\u00f1eros: \u201cFelicitaciones, lo conseguimos\u201d.<\/p>\n<p class=\"x_MsoNormal\">En tanto el rector de Santo Tom\u00e1s Copiap\u00f3, Rodrigo Rojas Veas, invit\u00f3 a los nuevos profesionales a asumir esta nueva etapa con una mirada de aprendizaje permanente, destacando la importancia de continuar perfeccion\u00e1ndose, capacit\u00e1ndose y explorando nuevas alternativas de formaci\u00f3n. En este sentido, se\u00f1al\u00f3 que \u201clos titulados tienen la posibilidad de seguir desarrollando sus competencias mediante cursos, Diplomados, articulaciones y programas de continuidad con otras carreras de educaci\u00f3n superior\u201d. Por \u00faltimo, el rector relev\u00f3 la valoraci\u00f3n que los empleadores han manifestado respecto de los titulados de Santo Tom\u00e1s.<\/p>\n<p class=\"x_MsoNormal\">Cabe destacar, que estas ceremonias no solo se transforman en una celebraci\u00f3n de un logro acad\u00e9mico, sino tambi\u00e9n en el reconocimiento de a\u00f1os de esfuerzo y abren la puerta a una nueva etapa para estos profesionales que ya se insertan en el mundo laboral.<\/p>\n","protected":false},"excerpt":{"rendered":"<p>La ceremonia estuvo marcada por emotivos discursos de los titulados, quienes destacaron el esfuerzo y la perseverancia detr\u00e1s de este importante logro.\u00a0 \u00a0Con emoci\u00f3n y&hellip; <\/p>\n","protected":false},"author":7,"featured_media":108374,"comment_status":"closed","ping_status":"closed","sticky":false,"template":"","format":"standard","meta":{"footnotes":""},"categories":[38],"tags":[],"class_list":["post-108373","post","type-post","status-publish","format-standard","has-post-thumbnail","hentry","category-portada-regional"],"_links":{"self":[{"href":"https:\/\/www.radioamigavallenar.cl\/index.php?rest_route=\/wp\/v2\/posts\/108373","targetHints":{"allow":["GET"]}}],"collection":[{"href":"https:\/\/www.radioamigavallenar.cl\/index.php?rest_route=\/wp\/v2\/posts"}],"about":[{"href":"https:\/\/www.radioamigavallenar.cl\/index.php?rest_route=\/wp\/v2\/types\/post"}],"author":[{"embeddable":true,"href":"https:\/\/www.radioamigavallenar.cl\/index.php?rest_route=\/wp\/v2\/users\/7"}],"replies":[{"embeddable":true,"href":"https:\/\/www.radioamigavallenar.cl\/index.php?rest_route=%2Fwp%2Fv2%2Fcomments&post=108373"}],"version-history":[{"count":1,"href":"https:\/\/www.radioamigavallenar.cl\/index.php?rest_route=\/wp\/v2\/posts\/108373\/revisions"}],"predecessor-version":[{"id":108375,"href":"https:\/\/www.radioamigavallenar.cl\/index.php?rest_route=\/wp\/v2\/posts\/108373\/revisions\/108375"}],"wp:featuredmedia":[{"embeddable":true,"href":"https:\/\/www.radioamigavallenar.cl\/index.php?rest_route=\/wp\/v2\/media\/108374"}],"wp:attachment":[{"href":"https:\/\/www.radioamigavallenar.cl\/index.php?rest_route=%2Fwp%2Fv2%2Fmedia&parent=108373"}],"wp:term":[{"taxonomy":"category","embeddable":true,"href":"https:\/\/www.radioamigavallenar.cl\/index.php?rest_route=%2Fwp%2Fv2%2Fcategories&post=108373"},{"taxonomy":"post_tag","embeddable":true,"href":"https:\/\/www.radioamigavallenar.cl\/index.php?rest_route=%2Fwp%2Fv2%2Ftags&post=108373"}],"curies":[{"name":"wp","href":"https:\/\/api.w.org\/{rel}","templated":true}]}}