{"id":108370,"date":"2026-09-05T00:14:53","date_gmt":"2026-09-05T04:14:53","guid":{"rendered":"https:\/\/www.radioamigavallenar.cl\/?p=108370"},"modified":"2026-09-05T00:14:53","modified_gmt":"2026-09-05T04:14:53","slug":"servicio-de-proteccion-especializada-y-nueva-atacama-impulsan-campana-para-sumar-nuevas-familias-de-acogida-en-atacama","status":"publish","type":"post","link":"https:\/\/www.radioamigavallenar.cl\/?p=108370","title":{"rendered":"Servicio de Protecci\u00f3n Especializada y Nueva Atacama impulsan campa\u00f1a para sumar nuevas Familias de Acogida en Atacama"},"content":{"rendered":"<p>La iniciativa pionera en Chile busca incentivar a 8 comunas de la regi\u00f3n a sumar nuevas familias para los ni\u00f1os que actualmente est\u00e1n bajo el cuidado del Estado.<\/p>\n<p>La alianza p\u00fablico-privada considera la incorporaci\u00f3n de un banner informativo en las boletas de Nueva Atacama, herramienta que permitir\u00e1 a las familias acceder a informaci\u00f3n y conocer c\u00f3mo pueden convertirse en Familias de Acogida para brindar cuidado y protecci\u00f3n temporal a ni\u00f1os que han debido ser separados de sus familias de origen por decisi\u00f3n de los tribunales.<\/p>\n<p>La campa\u00f1a se enmarca en la estrategia impulsada por el Gobierno para consolidar el acogimiento familiar como la principal alternativa de cuidado. En esta l\u00ednea, el plan \u201cCrecer en Familia\u201d busca que los ni\u00f1os menores de cuatro a\u00f1os que actualmente permanecen en residencias puedan desarrollarse en un entorno familiar, mediante procesos seguros, acompa\u00f1ados y sostenibles.<\/p>\n<p>\u201cQuiz\u00e1 esto es muy sencillo, pero es muy significativo. Esto nos permite sensibilizar y poder llegar a m\u00e1s personas, ya que tenemos el desaf\u00edo de aumentar el banco de familias de acogida. Adem\u00e1s, esto tiene relaci\u00f3n con el Plan Chile Cuida a los Ni\u00f1os, por lo que estas alianzas son muy relevantes para dicha labor\u201d, afirm\u00f3 la Seremi de Desarrollo Social y Familia, J\u00e9ssica G\u00f3mez Poblete.<\/p>\n<p>Por su parte, Marcelo Basaure, gerente regional de Nueva Atacama, sostuvo, \u201ccomo empresa siempre estamos dispuestos a colaborar, especialmente en un programa con tanto valor social. Con la incorporaci\u00f3n de este banner, llegaremos a m\u00e1s de 100.000 hogares y con este lanzamiento estamos materializando esta iniciativa que adem\u00e1s se extender\u00e1 por dos meses m\u00e1s, para que m\u00e1s personas conozcan esta noble labor\u201d.<\/p>\n<p>El Plan Chile Cuida a los Ni\u00f1os fue recientemente presentado por el Ministerio de Desarrollo Social y Familia, es una hoja de ruta para el periodo 2026-2030, que tiene dos pilares fundamentales: prevenir y proteger; y es justamente en la l\u00ednea de prevenci\u00f3n donde entra \u201cCrecer en Familia\u201d.<\/p>\n<p>&nbsp;<\/p>\n<p>&nbsp;<\/p>\n<p>&nbsp;<\/p>\n<p>Una instituci\u00f3n especializada en acogimiento familiar<\/p>\n<p>La Unidad de Familia se inaugur\u00f3 recientemente con el Subsecretario de la Ni\u00f1ez, Marcelo S\u00e1nchez, cuyo objetivo es precisamente acompa\u00f1ar, orientar, coordinar, evaluar y formar a familias que deseen ser parte del proceso de acogimiento, que es temporal o en la adopci\u00f3n, de manera permanente.<\/p>\n<p>C\u00e9sar Guzm\u00e1n, director del Servicio de Protecci\u00f3n Especializada indic\u00f3 \u201chemos certificado en esta semana a 5 familias para el acogimiento y a 7 para adopci\u00f3n, que es parte del trabajo que estamos implementando con el nuevo modelo de evaluaci\u00f3n, por eso esta alianza es tan importante, porque nos permite aunar esfuerzos para fortalecer la cultura del acogimiento en la regi\u00f3n.\u201d<\/p>\n<p>Finalmente, las autoridades hicieron un llamado a la comunidad a informarse y acercarse a la nueva Unidad de Familia, ubicada en el Mall Plaza Real de Copiap\u00f3 (Colip\u00ed 484, of.108) o bien, entrar a www.servicioproteccion.gob.cl para revisar requisitos y documentaci\u00f3n, en caso de querer ser parte de esta iniciativa.<\/p>\n","protected":false},"excerpt":{"rendered":"<p>La iniciativa pionera en Chile busca incentivar a 8 comunas de la regi\u00f3n a sumar nuevas familias para los ni\u00f1os que actualmente est\u00e1n bajo el&hellip; <\/p>\n","protected":false},"author":7,"featured_media":108371,"comment_status":"closed","ping_status":"closed","sticky":false,"template":"","format":"standard","meta":{"footnotes":""},"categories":[7],"tags":[],"class_list":["post-108370","post","type-post","status-publish","format-standard","has-post-thumbnail","hentry","category-atacama"],"_links":{"self":[{"href":"https:\/\/www.radioamigavallenar.cl\/index.php?rest_route=\/wp\/v2\/posts\/108370","targetHints":{"allow":["GET"]}}],"collection":[{"href":"https:\/\/www.radioamigavallenar.cl\/index.php?rest_route=\/wp\/v2\/posts"}],"about":[{"href":"https:\/\/www.radioamigavallenar.cl\/index.php?rest_route=\/wp\/v2\/types\/post"}],"author":[{"embeddable":true,"href":"https:\/\/www.radioamigavallenar.cl\/index.php?rest_route=\/wp\/v2\/users\/7"}],"replies":[{"embeddable":true,"href":"https:\/\/www.radioamigavallenar.cl\/index.php?rest_route=%2Fwp%2Fv2%2Fcomments&post=108370"}],"version-history":[{"count":1,"href":"https:\/\/www.radioamigavallenar.cl\/index.php?rest_route=\/wp\/v2\/posts\/108370\/revisions"}],"predecessor-version":[{"id":108372,"href":"https:\/\/www.radioamigavallenar.cl\/index.php?rest_route=\/wp\/v2\/posts\/108370\/revisions\/108372"}],"wp:featuredmedia":[{"embeddable":true,"href":"https:\/\/www.radioamigavallenar.cl\/index.php?rest_route=\/wp\/v2\/media\/108371"}],"wp:attachment":[{"href":"https:\/\/www.radioamigavallenar.cl\/index.php?rest_route=%2Fwp%2Fv2%2Fmedia&parent=108370"}],"wp:term":[{"taxonomy":"category","embeddable":true,"href":"https:\/\/www.radioamigavallenar.cl\/index.php?rest_route=%2Fwp%2Fv2%2Fcategories&post=108370"},{"taxonomy":"post_tag","embeddable":true,"href":"https:\/\/www.radioamigavallenar.cl\/index.php?rest_route=%2Fwp%2Fv2%2Ftags&post=108370"}],"curies":[{"name":"wp","href":"https:\/\/api.w.org\/{rel}","templated":true}]}}