{"id":108367,"date":"2026-09-04T11:19:01","date_gmt":"2026-09-04T15:19:01","guid":{"rendered":"https:\/\/www.radioamigavallenar.cl\/?p=108367"},"modified":"2026-09-04T11:19:01","modified_gmt":"2026-09-04T15:19:01","slug":"mas-que-aguinaldo-de-fiestas-patrias-58-de-las-empresas-preparan-beneficio-clave-para-trabajadores","status":"publish","type":"post","link":"https:\/\/www.radioamigavallenar.cl\/?p=108367","title":{"rendered":"M\u00e1s que aguinaldo de Fiestas Patrias: 58% de las empresas preparan beneficio \u201cclave\u201d para trabajadores"},"content":{"rendered":"<p>A\u00a0pocos d\u00edas de las Fiestas Patrias,<b>\u00a0muchas empresas ya definieron los beneficios que entregar\u00e1n a sus trabajadores<\/b>\u00a0durante septiembre.<\/p>\n<p>Seg\u00fan la Encuesta Spot de Flexibilidad Laboral y Fiestas Patrias 2026 de\u00a0<i>Marsh<\/i>, el\u00a0<b>91% de las organizaciones consultadas contempla alg\u00fan tipo de incentivo para sus colaboradores<\/b>.<\/p>\n<p>Entre las compa\u00f1\u00edas que detallaron el beneficio,\u00a0<b>el 88% indic\u00f3 que entregar\u00e1 aguinaldo<\/b>. El monto promedio alcanza los<b>\u00a0$175.126<\/b>, mientras que la\u00a0<b>mediana se sit\u00faa en $150.000<\/b>.<\/p>\n<p>Tambi\u00e9n aparecen otras alternativas: un\u00a0<b>13% optar\u00e1 por gift cards y un 11% por canastas<\/b>\u00a0o cajas de productos.<\/p>\n<h2>Fiestas Patrias: empresas preparan beneficio \u201cclave\u201d para trabajadores<\/h2>\n<p>El estudio muestra adem\u00e1s que\u00a0<b>un 58% de las organizaciones otorgar\u00e1 d\u00edas o tardes libres a sus trabajadores<\/b>. Dentro de ese grupo, un\u00a0<b>92% optar\u00e1 por media jornada o salida anticipada<\/b>\u00a0el jueves 17 de septiembre, consolidando esa fecha como una antesala de las celebraciones.<\/p>\n<div id=\"prisa-desktop-dual-mpu\"><\/div>\n<p><b>Agustina Bellido<\/b>, directora de Negocio de Workforce and Rewards para Marsh Chile, explic\u00f3 que\u00a0<b>\u201cliberar tiempo el jueves previo al feriado permite que las personas se organicen con sus familias, viajen o simplemente descansen antes de las celebraciones\u201d<\/b>.<\/p>\n<p>La ejecutiva tambi\u00e9n destac\u00f3 que el aguinaldo sigue siendo uno de los beneficios m\u00e1s valorados durante septiembre.\u00a0<b>\u201cEl aguinaldo sigue siendo el gesto m\u00e1s esperado por los trabajadores, porque combina un beneficio econ\u00f3mico concreto con un componente simb\u00f3lico muy arraigado en la cultura chilena\u201d<\/b>, se\u00f1al\u00f3.<\/p>\n<p>La tendencia se inserta adem\u00e1s en un\u00a0<b>escenario de mayor flexibilidad laboral<\/b>: un 79% de las empresas encuestadas mantiene actualmente una modalidad h\u00edbrida y, entre aquellas que fijan d\u00edas de teletrabajo, el 51% establece dos jornadas semanales.<\/p>\n","protected":false},"excerpt":{"rendered":"<p>A\u00a0pocos d\u00edas de las Fiestas Patrias,\u00a0muchas empresas ya definieron los beneficios que entregar\u00e1n a sus trabajadores\u00a0durante septiembre. Seg\u00fan la Encuesta Spot de Flexibilidad Laboral y&hellip; <\/p>\n","protected":false},"author":7,"featured_media":108368,"comment_status":"closed","ping_status":"closed","sticky":false,"template":"","format":"standard","meta":{"footnotes":""},"categories":[37],"tags":[],"class_list":["post-108367","post","type-post","status-publish","format-standard","has-post-thumbnail","hentry","category-nacional"],"_links":{"self":[{"href":"https:\/\/www.radioamigavallenar.cl\/index.php?rest_route=\/wp\/v2\/posts\/108367","targetHints":{"allow":["GET"]}}],"collection":[{"href":"https:\/\/www.radioamigavallenar.cl\/index.php?rest_route=\/wp\/v2\/posts"}],"about":[{"href":"https:\/\/www.radioamigavallenar.cl\/index.php?rest_route=\/wp\/v2\/types\/post"}],"author":[{"embeddable":true,"href":"https:\/\/www.radioamigavallenar.cl\/index.php?rest_route=\/wp\/v2\/users\/7"}],"replies":[{"embeddable":true,"href":"https:\/\/www.radioamigavallenar.cl\/index.php?rest_route=%2Fwp%2Fv2%2Fcomments&post=108367"}],"version-history":[{"count":1,"href":"https:\/\/www.radioamigavallenar.cl\/index.php?rest_route=\/wp\/v2\/posts\/108367\/revisions"}],"predecessor-version":[{"id":108369,"href":"https:\/\/www.radioamigavallenar.cl\/index.php?rest_route=\/wp\/v2\/posts\/108367\/revisions\/108369"}],"wp:featuredmedia":[{"embeddable":true,"href":"https:\/\/www.radioamigavallenar.cl\/index.php?rest_route=\/wp\/v2\/media\/108368"}],"wp:attachment":[{"href":"https:\/\/www.radioamigavallenar.cl\/index.php?rest_route=%2Fwp%2Fv2%2Fmedia&parent=108367"}],"wp:term":[{"taxonomy":"category","embeddable":true,"href":"https:\/\/www.radioamigavallenar.cl\/index.php?rest_route=%2Fwp%2Fv2%2Fcategories&post=108367"},{"taxonomy":"post_tag","embeddable":true,"href":"https:\/\/www.radioamigavallenar.cl\/index.php?rest_route=%2Fwp%2Fv2%2Ftags&post=108367"}],"curies":[{"name":"wp","href":"https:\/\/api.w.org\/{rel}","templated":true}]}}