{"id":108364,"date":"2026-09-04T10:47:57","date_gmt":"2026-09-04T14:47:57","guid":{"rendered":"https:\/\/www.radioamigavallenar.cl\/?p=108364"},"modified":"2026-09-04T10:47:57","modified_gmt":"2026-09-04T14:47:57","slug":"salud-bucal-infantil-mejora-en-chile-pero-persisten-brechas-63-de-alumnos-de-colegios-publicos-tiene-historia-de-caries","status":"publish","type":"post","link":"https:\/\/www.radioamigavallenar.cl\/?p=108364","title":{"rendered":"Salud bucal infantil mejora en Chile, pero persisten brechas: 63% de alumnos de colegios p\u00fablicos tiene historia de caries"},"content":{"rendered":"<p>La salud bucal de los escolares chilenos ha mejorado en las \u00faltimas dos d\u00e9cadas, pero el avance no ha sido igual para todos. As\u00ed revelaron los resultados de la\u00a0<strong>Encuesta Nacional de Salud Bucal Infantil\u00a0<\/strong>realizada por Universidad de los Andes en conjunto con la Agencia Nacional de Investigaci\u00f3n y Desarrollo de Chile (ANID).<\/p>\n<p>La encuesta se aplic\u00f3 en las 16 regiones del pa\u00eds, abarcando un total de 141 comunas y 322 establecimientos educacionales tanto rurales como urbanos, p\u00fablicos, subvencionados y privados. En total, se examinaron\u00a0<strong>2.486 escolares<\/strong>\u00a0en sus propios establecimientos, entre agosto del 2024 y diciembre 2025.<\/p>\n<p>El estudio sobre caries en ni\u00f1os de primero b\u00e1sico revel\u00f3 que la prevalencia de historia de caries\u00a0<strong>pas\u00f3 de 70% en 2007 a 55% en 2025 (-15%),<\/strong>\u00a0lo que equivale a unos 122 mil ni\u00f1os y ni\u00f1as que han sufrido al menos una lesi\u00f3n en sus dientes.<\/p>\n<p>La disminuci\u00f3n tambi\u00e9n se observa en la cantidad de piezas afectadas: mientras en 2007 los escolares presentaban, en promedio,\u00a0<strong>3,7 dientes temporales afectados,<\/strong>\u00a0actualmente el indicador llega a<strong>\u00a02,3.<\/strong><\/p>\n<p>Sin embargo, el estudio evidenci\u00f3 que detr\u00e1s de la mejora del promedio nacional persisten importantes diferencias seg\u00fan el tipo de establecimiento al que asiste el alumno. En los colegios p\u00fablicos el<strong>\u00a063%<\/strong>\u00a0de los escolares presenta historia de caries, cifra que alcanza el\u00a0<strong>55%<\/strong>\u00a0en los establecimientos particulares subvencionados y que baja a\u00a0<strong>29%<\/strong>\u00a0entre quienes asisten a colegios particulares pagados.<\/p>\n<p>La brecha tambi\u00e9n se refleja en el n\u00famero de dientes afectados: los estudiantes de establecimientos p\u00fablicos tienen en promedio\u00a0<strong>2,9<\/strong>\u00a0dientes temporales con historia de caries, frente a\u00a0<strong>2,3\u00a0<\/strong>en los subvencionados y solo<strong>\u00a00,8<\/strong>\u00a0en los particulares pagados.<\/p>\n<p>Una diferencia similar se observa entre zonas urbanas y rurales. En estas \u00faltimas, la prevalencia alcanza el<strong>\u00a061%,<\/strong>\u00a0mientras que en el sector urbano llega al\u00a0<strong>54%.<\/strong><\/p>\n<h2 style=\"text-align: center;\"><strong>37 mil con alta historia de caries<\/strong><\/h2>\n<p>&nbsp;<\/p>\n<p>El estudio tambi\u00e9n muestra que la enfermedad no se distribuye de manera homog\u00e9nea. El tercio de los escolares que concentra la mayor carga de caries presenta, en promedio,\u00a0<strong>seis dientes temporales con historia de la enfermedad.\u00a0<\/strong>De hecho, el 17% de los escolares tiene seis o m\u00e1s dientes temporales afectados, lo que representa aproximadamente 37 mil ni\u00f1os y ni\u00f1as de primero b\u00e1sico.<\/p>\n<p>Al considerar espec\u00edficamente las lesiones que no han recibido tratamiento, el\u00a0<strong>42%\u00a0<\/strong>de los escolares presenta al menos una caries de este tipo en la dentici\u00f3n temporal.<\/p>\n<p>\u00abAunque la mayor carga se encuentra a esta edad en los dientes temporales, ya existen ni\u00f1os con lesiones en dientes que deber\u00edan acompa\u00f1arlos durante toda la vida\u00bb, sostuvo el estudio.<\/p>\n<p>Pero el an\u00e1lisis tambi\u00e9n detect\u00f3\u00a0<strong>lesiones menos avanzadas que no necesariamente son visibles<\/strong>\u00a0como una cavidad. Al ampliar la medici\u00f3n e incorporar lesiones moderadas, la prevalencia de caries no tratada en dientes temporales<strong>\u00a0aumenta de 42% a 52%.<\/strong><\/p>\n<p>Y cuando se considera todo el espectro de lesiones, incluyendo las iniciales,\u00a0<strong>la cifra llega al 63%<\/strong>. Bajo este criterio m\u00e1s sensible, solo tres de cada diez ni\u00f1os se encuentran completamente libres de experiencia de caries.<\/p>\n<h2 style=\"text-align: center;\"><strong>90 mil ni\u00f1os necesitan atenci\u00f3n<\/strong><\/h2>\n<p>&nbsp;<\/p>\n<p>Otro de los principales hallazgos del estudio es que el\u00a0<strong>41%<\/strong>\u00a0de los escolares presenta una necesidad actual de atenci\u00f3n por caries. La cifra representa aproximadamente a\u00a0<strong>90 mil ni\u00f1os y ni\u00f1as de seis a\u00f1os.<\/strong><\/p>\n<p>La necesidad es nuevamente mayor en establecimientos p\u00fablicos, donde alcanza al\u00a0<strong>46%\u00a0<\/strong>de los escolares, seguida por los particulares subvencionados con<strong>\u00a041%\u00a0<\/strong>y los particulares pagados con\u00a0<strong>18%<\/strong>.<\/p>\n<p>Adem\u00e1s, un\u00a0<strong>6,2%<\/strong>\u00a0de los escolares presenta una enfermedad que ha avanzado m\u00e1s all\u00e1 de una cavidad\u00a0<strong>y que puede estar asociada a una infecci\u00f3n.<\/strong><\/p>\n<p>Los resultados cl\u00ednicos se complementan con la experiencia reportada por las propias familias: aproximadamente el 42% de los padres o cuidadores se\u00f1al\u00f3 que el ni\u00f1o hab\u00eda presentado dolor oral \u00aba veces\u00bb, \u00abcasi siempre\u00bb o \u00absiempre\u00bb.<\/p>\n<h2 style=\"text-align: center;\"><strong>El desaf\u00edo de prevenir<\/strong><\/h2>\n<p>&nbsp;<\/p>\n<p>En el estudio se\u00f1alaron que si bien el balance es \u00abpositivo\u00bb porque las cifras son mejores que las de 2007, \u00abel desaf\u00edo es continuar tratando y reduciendo las lesiones, pero, sobre todo, actuar antes y con mayor rapidez para evitar que las lesiones iniciales se transformen en cavidades, dolor, infecci\u00f3n o p\u00e9rdida de dientes\u00bb.<\/p>\n<p>\u00abLa caries no es solamente un problema cl\u00ednico ni puede resolverse \u00fanicamente dentro de la consulta odontol\u00f3gica. Es una enfermedad cuya distribuci\u00f3n refleja diferencias en las condiciones de vida, los recursos familiares, la educaci\u00f3n, la alimentaci\u00f3n, las oportunidades de prevenci\u00f3n y el acceso oportuno a la atenci\u00f3n. Por eso,\u00a0<strong>la dependencia del establecimiento debe entenderse como un marcador de esas desigualdades y no como su causa<\/strong>\u00ab, se\u00f1alaron los investigadores.<\/p>\n<p>Sumaron que \u00abel estudio identifica una oportunidad concreta: cerca del 60% de los establecimientos declara que\u00a0<strong>sus estudiantes nunca se cepillan los dientes en la escuela.\u00a0<\/strong>Incorporar espacios, tiempos y condiciones para el cepillado diario con pasta fluorada permitir\u00eda que la prevenci\u00f3n no dependiera exclusivamente de los recursos, el tiempo o las posibilidades de cada familia\u00bb.<\/p>\n<p>\u00abLa disminuci\u00f3n observada desde 2007 demuestra que es posible avanzar. El paso siguiente es conseguir que ese progreso alcance a todos los ni\u00f1os. Para ello se necesita\u00a0<strong>combinar prevenci\u00f3n y tratamiento odontol\u00f3gico oportuno con intervenciones escolares y pol\u00edticas p\u00fablicas<\/strong>\u00a0capaces de actuar sobre las condiciones sociales y estructurales que producen y mantienen estas profundas desigualdades e inequidades\u00bb, cerraron.<\/p>\n<p>El estudio fue realizado por la Facultad de Odontolog\u00eda de la Universidad de los Andes, Pepsodent-Unilever y la Sociedad de Ortodoncia de Chile. Cont\u00f3 con el apoyo Ministerio de Salud y Sociedad de Odontopediatr\u00eda de Chile, adem\u00e1s del patrocinio del Ministerio de Educaci\u00f3n.<\/p>\n<p>Los investigadores son Valeria Ram\u00edrez, Duniel Ortu\u00f1o, Claudia Naranjo, Vicente Ar\u00e1nguiz, todos de la Facultad de Odontolog\u00eda de la U. de los Andes.<\/p>\n","protected":false},"excerpt":{"rendered":"<p>La salud bucal de los escolares chilenos ha mejorado en las \u00faltimas dos d\u00e9cadas, pero el avance no ha sido igual para todos. As\u00ed revelaron&hellip; <\/p>\n","protected":false},"author":7,"featured_media":108365,"comment_status":"closed","ping_status":"closed","sticky":false,"template":"","format":"standard","meta":{"footnotes":""},"categories":[37],"tags":[],"class_list":["post-108364","post","type-post","status-publish","format-standard","has-post-thumbnail","hentry","category-nacional"],"_links":{"self":[{"href":"https:\/\/www.radioamigavallenar.cl\/index.php?rest_route=\/wp\/v2\/posts\/108364","targetHints":{"allow":["GET"]}}],"collection":[{"href":"https:\/\/www.radioamigavallenar.cl\/index.php?rest_route=\/wp\/v2\/posts"}],"about":[{"href":"https:\/\/www.radioamigavallenar.cl\/index.php?rest_route=\/wp\/v2\/types\/post"}],"author":[{"embeddable":true,"href":"https:\/\/www.radioamigavallenar.cl\/index.php?rest_route=\/wp\/v2\/users\/7"}],"replies":[{"embeddable":true,"href":"https:\/\/www.radioamigavallenar.cl\/index.php?rest_route=%2Fwp%2Fv2%2Fcomments&post=108364"}],"version-history":[{"count":1,"href":"https:\/\/www.radioamigavallenar.cl\/index.php?rest_route=\/wp\/v2\/posts\/108364\/revisions"}],"predecessor-version":[{"id":108366,"href":"https:\/\/www.radioamigavallenar.cl\/index.php?rest_route=\/wp\/v2\/posts\/108364\/revisions\/108366"}],"wp:featuredmedia":[{"embeddable":true,"href":"https:\/\/www.radioamigavallenar.cl\/index.php?rest_route=\/wp\/v2\/media\/108365"}],"wp:attachment":[{"href":"https:\/\/www.radioamigavallenar.cl\/index.php?rest_route=%2Fwp%2Fv2%2Fmedia&parent=108364"}],"wp:term":[{"taxonomy":"category","embeddable":true,"href":"https:\/\/www.radioamigavallenar.cl\/index.php?rest_route=%2Fwp%2Fv2%2Fcategories&post=108364"},{"taxonomy":"post_tag","embeddable":true,"href":"https:\/\/www.radioamigavallenar.cl\/index.php?rest_route=%2Fwp%2Fv2%2Ftags&post=108364"}],"curies":[{"name":"wp","href":"https:\/\/api.w.org\/{rel}","templated":true}]}}