{"id":108361,"date":"2026-09-04T10:40:24","date_gmt":"2026-09-04T14:40:24","guid":{"rendered":"https:\/\/www.radioamigavallenar.cl\/?p=108361"},"modified":"2026-09-04T10:40:24","modified_gmt":"2026-09-04T14:40:24","slug":"mas-de-39-mil-pensionados-de-atacama-recibiran-el-aguinaldo-de-fiestas-patrias-2026","status":"publish","type":"post","link":"https:\/\/www.radioamigavallenar.cl\/?p=108361","title":{"rendered":"M\u00e1s de 39 mil pensionados de Atacama recibir\u00e1n el Aguinaldo de Fiestas Patrias 2026"},"content":{"rendered":"<p>El beneficio llegar\u00e1 a 39.706 personas en la regi\u00f3n y ser\u00e1 pagado autom\u00e1ticamente durante septiembre junto con la pensi\u00f3n habitual, sin necesidad de realizar una postulaci\u00f3n.<\/p>\n<p>El monto del beneficio para este a\u00f1o es de $25.280 por cada pensionado beneficiario. En los casos espec\u00edficos en que el pensionado acredite cargas familiares al 31 de agosto de 2026, el monto aumentar\u00e1 en $12.969 por cada carga que cumpla con los requisitos establecidos.<\/p>\n<p>A nivel nacional, el Aguinaldo de Fiestas Patrias llegar\u00e1 a m\u00e1s de 2 millones 900 mil pensionados, con una distribuci\u00f3n superior a los $74 mil millones durante septiembre.<\/p>\n<p>La Seremi del Trabajo y Previsi\u00f3n Social de Atacama, Cristina Bravo Bassi, destac\u00f3 el alcance regional del beneficio y se\u00f1al\u00f3 que se trata de un apoyo que llegar\u00e1 directamente a los pensionados que cumplen con los requisitos, sin tr\u00e1mites adicionales.<\/p>\n<p>\u201cEn Atacama ser\u00e1n 39.706 los pensionados que recibir\u00e1n este Aguinaldo de Fiestas Patrias, un apoyo concreto que se entrega autom\u00e1ticamente junto con la pensi\u00f3n habitual. Como Ministerio del Trabajo y Previsi\u00f3n Social queremos entregar tranquilidad y claridad a los beneficiarios: no deben postular ni realizar tr\u00e1mites adicionales para recibir este aporte. Nuestro compromiso es seguir acercando la informaci\u00f3n y los beneficios del Estado a los pensionados de nuestra regi\u00f3n, para que puedan acceder a ellos de manera oportuna y segura\u201d, se\u00f1al\u00f3 la autoridad regional.<\/p>\n<p>\u00bfQui\u00e9nes recibir\u00e1n el Aguinaldo?<\/p>\n<p>El beneficio corresponde a quienes al 31 de agosto de 2026 cumplen alguna de las condiciones establecidas en la legislaci\u00f3n:<\/p>\n<p>\u00b7 Pensionados del Instituto de Previsi\u00f3n Social (IPS), incluidos quienes reciben la Pensi\u00f3n Garantizada Universal (PGU) y la Pensi\u00f3n B\u00e1sica Solidaria de Invalidez.<\/p>\n<p>\u00b7 Pensionados de Dipreca y Capredena.<\/p>\n<p>\u00b7 Pensionados del Instituto de Seguridad Laboral (ISL) y de las mutualidades de empleadores de la Ley N\u00b0 16.744 sobre Accidentes del Trabajo.<\/p>\n<p>\u00b7 Beneficiarios del Subsidio por Discapacidad Mental, F\u00edsica o Sensorial Severa, establecido en la Ley N\u00b0 21.419.<\/p>\n<p>\u00b7 Pensionados del sistema de AFP que, adem\u00e1s, reciben PGU, Aporte Previsional Solidario (APS) o Garant\u00eda Estatal.<\/p>\n<p>El Aguinaldo se paga por una sola vez durante septiembre, junto con la pensi\u00f3n habitual y mediante la misma modalidad de pago que tiene asignada cada pensionado. Los pagos se realizar\u00e1n antes del 18 de septiembre.<\/p>\n<p>La Delegada Presidencial Regional de Atacama, Sof\u00eda Cid Versalovic, destac\u00f3 que este beneficio representa un respaldo concreto para miles de pensionados de la regi\u00f3n y sus familias, especialmente durante un mes en que aumentan los gastos de los hogares.<\/p>\n<p>\u201cEste Aguinaldo de Fiestas Patrias es una ayuda concreta que llegar\u00e1 a cerca de 40 mil pensionados de nuestra Regi\u00f3n de Atacama. Como Gobierno del presidente Jos\u00e9 Antonio Kast, sabemos que detr\u00e1s de cada una de estas cifras hay personas y familias que hacen un esfuerzo permanente para salir adelante, por eso es fundamental que los beneficios del Estado lleguen de manera oportuna y segura. Queremos que nuestros adultos mayores puedan vivir estas Fiestas Patrias con mayor tranquilidad, sabiendo que cuentan con este apoyo y que no necesitan realizar ning\u00fan tr\u00e1mite para recibirlo. Nuestro compromiso es seguir trabajando para que las pol\u00edticas p\u00fablicas se traduzcan en soluciones concretas y en una mejor calidad de vida para las familias de Atacama\u201d, afirm\u00f3.<\/p>\n<p>Desde el Instituto de Previsi\u00f3n Social se record\u00f3 que quienes cumplen con los requisitos no deben postular al Aguinaldo ni realizar solicitudes adicionales, ya que el pago se efect\u00faa autom\u00e1ticamente junto con la pensi\u00f3n habitual.<\/p>\n<p>Asimismo, se hizo un llamado al autocuidado frente a posibles intentos de fraude. Los beneficiarios deben desconfiar de sitios web no oficiales, mensajes o contactos que soliciten datos personales o cobros para supuestamente gestionar el beneficio.<\/p>\n<p>Para obtener informaci\u00f3n y resolver dudas, los beneficiarios pueden acudir a los canales oficiales de ChileAtiende e IPS, consultar en las sucursales ChileAtiende del IPS o comunicarse a los tel\u00e9fonos 101 y 600 440 0040.<\/p>\n","protected":false},"excerpt":{"rendered":"<p>El beneficio llegar\u00e1 a 39.706 personas en la regi\u00f3n y ser\u00e1 pagado autom\u00e1ticamente durante septiembre junto con la pensi\u00f3n habitual, sin necesidad de realizar una&hellip; <\/p>\n","protected":false},"author":7,"featured_media":108362,"comment_status":"closed","ping_status":"closed","sticky":false,"template":"","format":"standard","meta":{"footnotes":""},"categories":[7],"tags":[],"class_list":["post-108361","post","type-post","status-publish","format-standard","has-post-thumbnail","hentry","category-atacama"],"_links":{"self":[{"href":"https:\/\/www.radioamigavallenar.cl\/index.php?rest_route=\/wp\/v2\/posts\/108361","targetHints":{"allow":["GET"]}}],"collection":[{"href":"https:\/\/www.radioamigavallenar.cl\/index.php?rest_route=\/wp\/v2\/posts"}],"about":[{"href":"https:\/\/www.radioamigavallenar.cl\/index.php?rest_route=\/wp\/v2\/types\/post"}],"author":[{"embeddable":true,"href":"https:\/\/www.radioamigavallenar.cl\/index.php?rest_route=\/wp\/v2\/users\/7"}],"replies":[{"embeddable":true,"href":"https:\/\/www.radioamigavallenar.cl\/index.php?rest_route=%2Fwp%2Fv2%2Fcomments&post=108361"}],"version-history":[{"count":1,"href":"https:\/\/www.radioamigavallenar.cl\/index.php?rest_route=\/wp\/v2\/posts\/108361\/revisions"}],"predecessor-version":[{"id":108363,"href":"https:\/\/www.radioamigavallenar.cl\/index.php?rest_route=\/wp\/v2\/posts\/108361\/revisions\/108363"}],"wp:featuredmedia":[{"embeddable":true,"href":"https:\/\/www.radioamigavallenar.cl\/index.php?rest_route=\/wp\/v2\/media\/108362"}],"wp:attachment":[{"href":"https:\/\/www.radioamigavallenar.cl\/index.php?rest_route=%2Fwp%2Fv2%2Fmedia&parent=108361"}],"wp:term":[{"taxonomy":"category","embeddable":true,"href":"https:\/\/www.radioamigavallenar.cl\/index.php?rest_route=%2Fwp%2Fv2%2Fcategories&post=108361"},{"taxonomy":"post_tag","embeddable":true,"href":"https:\/\/www.radioamigavallenar.cl\/index.php?rest_route=%2Fwp%2Fv2%2Ftags&post=108361"}],"curies":[{"name":"wp","href":"https:\/\/api.w.org\/{rel}","templated":true}]}}