{"id":108359,"date":"2026-09-04T10:38:40","date_gmt":"2026-09-04T14:38:40","guid":{"rendered":"https:\/\/www.radioamigavallenar.cl\/?p=108359"},"modified":"2026-09-04T10:38:40","modified_gmt":"2026-09-04T14:38:40","slug":"pronostican-vientos-de-hasta-90-km-h-en-la-cordillera-de-atacama","status":"publish","type":"post","link":"https:\/\/www.radioamigavallenar.cl\/?p=108359","title":{"rendered":"Pronostican vientos de hasta 90 km\/h en la cordillera de Atacama"},"content":{"rendered":"<p>La Direcci\u00f3n Meteorol\u00f3gica de Chile emiti\u00f3 un aviso por viento normal a moderado que afectar\u00e1 sectores cordilleranos de las regiones de Antofagasta y Atacama entre este s\u00e1bado 5 y el martes 8 de septiembre.<\/p>\n<div class=\"code-block code-block-3\">\n<div id=\"sas_99069\"><\/div>\n<\/div>\n<p>De acuerdo con el reporte, el fen\u00f3meno estar\u00e1 asociado al paso de una corriente en chorro y comenzar\u00e1 durante la ma\u00f1ana del s\u00e1bado, extendi\u00e9ndose hasta la noche del martes.<\/p>\n<p>En la cordillera de Atacama se esperan vientos de entre 60 y 80 kil\u00f3metros por hora durante s\u00e1bado, domingo y lunes. Para el martes, la intensidad aumentar\u00eda, con velocidades estimadas de entre 70 y 90 kil\u00f3metros por hora.<\/p>\n<p>En tanto, en la cordillera de Antofagasta se pronostican vientos de entre 50 y 70 kil\u00f3metros por hora durante s\u00e1bado, domingo y lunes, mientras que el martes podr\u00edan alcanzar entre 60 y 80 kil\u00f3metros por hora.<\/p>\n<div class=\"code-block code-block-5\">\n<div id=\"sas_99435\"><\/div>\n<\/div>\n<p>La Direcci\u00f3n Meteorol\u00f3gica advirti\u00f3 adem\u00e1s sobre la\u00a0<strong>probabilidad de ventisca en la cordillera de Atacama<\/strong>, por lo que se recomienda mantener atenci\u00f3n a las condiciones meteorol\u00f3gicas y adoptar precauciones en sectores expuestos.<\/p>\n<p>El aviso fue emitido este jueves 3 de septiembre a las 11:35 horas y considera exclusivamente las zonas cordilleranas de ambas regiones.<\/p>\n","protected":false},"excerpt":{"rendered":"<p>La Direcci\u00f3n Meteorol\u00f3gica de Chile emiti\u00f3 un aviso por viento normal a moderado que afectar\u00e1 sectores cordilleranos de las regiones de Antofagasta y Atacama entre&hellip; <\/p>\n","protected":false},"author":7,"featured_media":71160,"comment_status":"closed","ping_status":"closed","sticky":false,"template":"","format":"standard","meta":{"footnotes":""},"categories":[7],"tags":[],"class_list":["post-108359","post","type-post","status-publish","format-standard","has-post-thumbnail","hentry","category-atacama"],"_links":{"self":[{"href":"https:\/\/www.radioamigavallenar.cl\/index.php?rest_route=\/wp\/v2\/posts\/108359","targetHints":{"allow":["GET"]}}],"collection":[{"href":"https:\/\/www.radioamigavallenar.cl\/index.php?rest_route=\/wp\/v2\/posts"}],"about":[{"href":"https:\/\/www.radioamigavallenar.cl\/index.php?rest_route=\/wp\/v2\/types\/post"}],"author":[{"embeddable":true,"href":"https:\/\/www.radioamigavallenar.cl\/index.php?rest_route=\/wp\/v2\/users\/7"}],"replies":[{"embeddable":true,"href":"https:\/\/www.radioamigavallenar.cl\/index.php?rest_route=%2Fwp%2Fv2%2Fcomments&post=108359"}],"version-history":[{"count":1,"href":"https:\/\/www.radioamigavallenar.cl\/index.php?rest_route=\/wp\/v2\/posts\/108359\/revisions"}],"predecessor-version":[{"id":108360,"href":"https:\/\/www.radioamigavallenar.cl\/index.php?rest_route=\/wp\/v2\/posts\/108359\/revisions\/108360"}],"wp:featuredmedia":[{"embeddable":true,"href":"https:\/\/www.radioamigavallenar.cl\/index.php?rest_route=\/wp\/v2\/media\/71160"}],"wp:attachment":[{"href":"https:\/\/www.radioamigavallenar.cl\/index.php?rest_route=%2Fwp%2Fv2%2Fmedia&parent=108359"}],"wp:term":[{"taxonomy":"category","embeddable":true,"href":"https:\/\/www.radioamigavallenar.cl\/index.php?rest_route=%2Fwp%2Fv2%2Fcategories&post=108359"},{"taxonomy":"post_tag","embeddable":true,"href":"https:\/\/www.radioamigavallenar.cl\/index.php?rest_route=%2Fwp%2Fv2%2Ftags&post=108359"}],"curies":[{"name":"wp","href":"https:\/\/api.w.org\/{rel}","templated":true}]}}