{"id":108356,"date":"2026-09-04T09:28:52","date_gmt":"2026-09-04T13:28:52","guid":{"rendered":"https:\/\/www.radioamigavallenar.cl\/?p=108356"},"modified":"2026-09-04T10:29:42","modified_gmt":"2026-09-04T14:29:42","slug":"embajador-de-eeuu-asegura-que-chile-ya-aplica-la-doctrina-donroe-se-vuelve-muy-facil-con-kast","status":"publish","type":"post","link":"https:\/\/www.radioamigavallenar.cl\/?p=108356","title":{"rendered":"Embajador de EEUU asegura que Chile ya aplica la \u201cDoctrina Donroe\u201d: \u201cSe vuelve muy f\u00e1cil con Kast\u201d"},"content":{"rendered":"<p>El embajador de Estados Unidos en Chile, Brandon Judd, afirm\u00f3 que\u00a0<b>Chile ya est\u00e1 aplicando la denominada \u201cDoctrina Donroe\u201d<\/b>, concepto utilizado para describir la pol\u00edtica regional impulsada por Donald Trump, y destac\u00f3 la sinton\u00eda que existe con la administraci\u00f3n del Presidente Jos\u00e9 Antonio Kast.<\/p>\n<p>Las declaraciones fueron realizadas durante el encuentro del\u00a0<b>Foro Madrid en Santiago<\/b>, instancia que congrega a distintos representantes y dirigentes de la derecha iberoamericana. Judd particip\u00f3 espec\u00edficamente en el panel denominado \u201cEl nuevo papel de Estados Unidos en Iberoam\u00e9rica\u201d.<\/p>\n<p>Consultado por el periodista venezolano Orlando Avenda\u00f1o sobre el lugar que ocupa Chile dentro del llamado\u00a0<b>\u201cEscudo de las Am\u00e9ricas\u201d<\/b>, estrategia promovida por Washington para enfrentar el narcotr\u00e1fico y el crimen organizado en la regi\u00f3n, el diplom\u00e1tico explic\u00f3 que la aplicaci\u00f3n de esta pol\u00edtica var\u00eda dependiendo de cada pa\u00eds.<\/p>\n<p>\u201cLa Doctrina Donroe es diferente en cada pa\u00eds, y los embajadores estamos empoderados para implementarla seg\u00fan se ajuste en cada pa\u00eds. Lo genial de esto es que cuando tenemos administraciones como la del Presidente Kast, se vuelve algo muy f\u00e1cil\u201d, sostuvo Judd.<\/p>\n<p>El concepto\u00a0<b>\u201cDoctrina Donroe\u201d combina el nombre de Donald Trump con la hist\u00f3rica Doctrina Monroe<\/b>\u00a0y ha sido utilizado para referirse al renovado inter\u00e9s de Estados Unidos por reforzar su influencia y cooperaci\u00f3n en el continente americano.<\/p>\n<div id=\"prisa-desktop-dual-mpu\"><\/div>\n<p>Judd tambi\u00e9n respondi\u00f3 a las cr\u00edticas que ha generado esta pol\u00edtica. \u201cHe escuchado a mucha gente diciendo que la Doctrina Donroe es mala, y eso me hace re\u00edr, porque\u00a0<b>Chile est\u00e1 ejerciendo la Doctrina Donroe mientras estamos hablando<\/b>\u201d, se\u00f1al\u00f3.<\/p>\n<p>En ese contexto, el embajador destac\u00f3 dos iniciativas estadounidenses orientadas al combate contra el crimen organizado: el \u201cEscudo de las Am\u00e9ricas\u201d y una coalici\u00f3n internacional contra los carteles.<\/p>\n<p>\u201cEl Escudo de las Am\u00e9ricas y la coalici\u00f3n contra los carteles son programas que van a ayudar a Chile a llegar al coraz\u00f3n del problema del crimen organizado\u201d, afirm\u00f3.<\/p>\n<p>Finalmente, Judd reconoci\u00f3 que las caracter\u00edsticas concretas de estos mecanismos todav\u00eda est\u00e1n en desarrollo. \u201cNo hay par\u00e1metros previos todav\u00eda, sino que esto est\u00e1 siendo construido mientras hablamos\u201d, concluy\u00f3.<\/p>\n","protected":false},"excerpt":{"rendered":"<p>El embajador de Estados Unidos en Chile, Brandon Judd, afirm\u00f3 que\u00a0Chile ya est\u00e1 aplicando la denominada \u201cDoctrina Donroe\u201d, concepto utilizado para describir la pol\u00edtica regional&hellip; <\/p>\n","protected":false},"author":7,"featured_media":108358,"comment_status":"closed","ping_status":"closed","sticky":false,"template":"","format":"standard","meta":{"footnotes":""},"categories":[37],"tags":[],"class_list":["post-108356","post","type-post","status-publish","format-standard","has-post-thumbnail","hentry","category-nacional"],"_links":{"self":[{"href":"https:\/\/www.radioamigavallenar.cl\/index.php?rest_route=\/wp\/v2\/posts\/108356","targetHints":{"allow":["GET"]}}],"collection":[{"href":"https:\/\/www.radioamigavallenar.cl\/index.php?rest_route=\/wp\/v2\/posts"}],"about":[{"href":"https:\/\/www.radioamigavallenar.cl\/index.php?rest_route=\/wp\/v2\/types\/post"}],"author":[{"embeddable":true,"href":"https:\/\/www.radioamigavallenar.cl\/index.php?rest_route=\/wp\/v2\/users\/7"}],"replies":[{"embeddable":true,"href":"https:\/\/www.radioamigavallenar.cl\/index.php?rest_route=%2Fwp%2Fv2%2Fcomments&post=108356"}],"version-history":[{"count":1,"href":"https:\/\/www.radioamigavallenar.cl\/index.php?rest_route=\/wp\/v2\/posts\/108356\/revisions"}],"predecessor-version":[{"id":108357,"href":"https:\/\/www.radioamigavallenar.cl\/index.php?rest_route=\/wp\/v2\/posts\/108356\/revisions\/108357"}],"wp:featuredmedia":[{"embeddable":true,"href":"https:\/\/www.radioamigavallenar.cl\/index.php?rest_route=\/wp\/v2\/media\/108358"}],"wp:attachment":[{"href":"https:\/\/www.radioamigavallenar.cl\/index.php?rest_route=%2Fwp%2Fv2%2Fmedia&parent=108356"}],"wp:term":[{"taxonomy":"category","embeddable":true,"href":"https:\/\/www.radioamigavallenar.cl\/index.php?rest_route=%2Fwp%2Fv2%2Fcategories&post=108356"},{"taxonomy":"post_tag","embeddable":true,"href":"https:\/\/www.radioamigavallenar.cl\/index.php?rest_route=%2Fwp%2Fv2%2Ftags&post=108356"}],"curies":[{"name":"wp","href":"https:\/\/api.w.org\/{rel}","templated":true}]}}