{"id":108353,"date":"2026-09-04T10:24:53","date_gmt":"2026-09-04T14:24:53","guid":{"rendered":"https:\/\/www.radioamigavallenar.cl\/?p=108353"},"modified":"2026-09-04T10:24:53","modified_gmt":"2026-09-04T14:24:53","slug":"oposicion-pide-a-embajador-de-eeuu-callar-y-exige-a-kast-responder-a-polemicos-dichos-sobre-chile","status":"publish","type":"post","link":"https:\/\/www.radioamigavallenar.cl\/?p=108353","title":{"rendered":"Oposici\u00f3n pide a embajador de EEUU \u00abcallar\u00bb y exige a Kast responder a pol\u00e9micos dichos sobre Chile"},"content":{"rendered":"<div class=\"post-excerpt\">\n<p>Las declaraciones del embajador de Estados Unidos en Chile, Brandon Judd, encendieron la disputa pol\u00edtica. Tras asegurar que el pa\u00eds ya aplica la \u201cDoctrina Donroe\u201d la oposici\u00f3n acus\u00f3 una grave intromisi\u00f3n y exigi\u00f3 una respuesta del Gobierno de Jos\u00e9 Antonio Kast.<\/p>\n<\/div>\n<div class=\"container-redes-contenido\">\n<div class=\"banners-contenido-nota-6944334\">\n<p>El embajador de EEUU en Chile,\u00a0<strong>Brandon Judd<\/strong>, volvi\u00f3 a desatar una fuerte controversia por sus declaraciones sobre el rol de Washington en la regi\u00f3n y su relaci\u00f3n con el Gobierno de Jos\u00e9 Antonio Kast.<\/p>\n<p>Durante su participaci\u00f3n en el Foro Madrid, el diplom\u00e1tico asegur\u00f3 que Chile ya est\u00e1 aplicando la denominada\u00a0<strong>\u201cDoctrina Donroe\u201d<\/strong>, la reformulaci\u00f3n impulsada por Donald Trump de una antigua pol\u00edtica exterior destinada a reivindicar la influencia estadounidense en el hemisferio occidental.<\/p>\n<p>Sus palabras encendieron las alarmas en la oposici\u00f3n. Parlamentarios acusaron una intromisi\u00f3n en los asuntos internos del pa\u00eds, advirtieron sobre una eventual subordinaci\u00f3n del Gobierno a Estados Unidos y exigieron una respuesta de La Moneda.<\/p>\n<h2>Embajador de EEUU asegura que Chile aplica la \u201cDoctrina Donroe\u201d<\/h2>\n<p>\u201cEl nuevo papel de Estados Unidos en Iberoam\u00e9rica\u201d fue el nombre del panel que reuni\u00f3 al embajador Brandon Judd con representantes de la derecha conservadora durante el Foro Madrid.<\/p>\n<p>Fue en esa instancia donde el diplom\u00e1tico afirm\u00f3 que Chile ya estar\u00eda aplicando la denominada\u00a0<strong>\u201cDoctrina Donroe\u201d<\/strong>.<\/p>\n<p>El concepto corresponde a la reformulaci\u00f3n promovida por el presidente estadounidense, Donald Trump, de la Doctrina Monroe, pol\u00edtica exterior desarrollada durante el siglo XIX para\u00a0<strong>reivindicar la influencia de Washington en el hemisferio occidental.<\/strong><\/p>\n<p>En su versi\u00f3n actual, esta orientaci\u00f3n busca reforzar el peso de Estados Unidos en la regi\u00f3n y profundizar la coordinaci\u00f3n con gobiernos aliados, especialmente en materias de seguridad y combate al crimen organizado, mediante iniciativas como el \u201cEscudo de las Am\u00e9ricas\u201d y la \u201cCoalici\u00f3n contra los C\u00e1rteles\u201d.<\/p>\n<p>En ese contexto, Judd destac\u00f3 el escenario que, a su juicio, abri\u00f3 la llegada de Jos\u00e9 Antonio Kast a La Moneda para favorecer los intereses estadounidenses y ampliar la colaboraci\u00f3n entre ambos pa\u00edses.<\/p>\n<p><span class=\"destacador destacado\">\u201cHe escuchado a mucha gente que dice que la doctrina \u2018Donroe\u2019 es mala, eso me hace re\u00edr porque Chile la est\u00e1 aplicando; es todo sobre mirar hacia adelante\u201d<\/span>, afirm\u00f3.<\/p>\n<p>Sus palabras fueron respaldadas por el diputado republicano\u00a0<strong>Luis S\u00e1nchez<\/strong>, quien sostuvo que Chile y Estados Unidos comparten la convicci\u00f3n de priorizar los problemas internos de cada pa\u00eds y, al mismo tiempo, trabajar en conjunto para recuperar el orden y la seguridad, respetando sus respectivas legislaciones.<\/p>\n<p><strong>\u201cLo que el embajador ha se\u00f1alado es un reconocimiento de la seriedad, la claridad y convicci\u00f3n que caracteriza a nuestro pa\u00eds\u201d,<\/strong>\u00a0asegur\u00f3.<\/p>\n<h2>\u201cDeber\u00eda callar\u201d: oposici\u00f3n acusa injerencia de Judd y exige respuesta de La Moneda<\/h2>\n<p>En la oposici\u00f3n, en cambio, las declaraciones fueron interpretadas como una intromisi\u00f3n directa en los asuntos internos de Chile y como una se\u00f1al de la cercan\u00eda entre el Gobierno de Kast y la administraci\u00f3n de\u00a0Donald Trump.<\/p>\n<p>El diputado\u00a0<strong>Nelson Venegas (PS)<\/strong>\u00a0advirti\u00f3 que actuar con pragmatismo en pol\u00edtica exterior no significa someterse ante una potencia extranjera.<\/p>\n<p><strong>\u201cNos est\u00e1 humillando a todos nosotros\u201d,<\/strong>\u00a0acus\u00f3.<\/p>\n<p>M\u00e1s directo fue el diputado\u00a0<strong>Jaime Mulet<\/strong>, quien emplaz\u00f3 al representante estadounidense a guardar silencio y recalc\u00f3 que las decisiones sobre la pol\u00edtica exterior chilena corresponden al propio pa\u00eds.<\/p>\n<p><span class=\"destacador destacado\">\u201cNo corresponde, estamos en democracia y es Chile el que debe resolver eso, de manera que el embajador deber\u00eda callar\u201d,<\/span>\u00a0manifest\u00f3.<\/p>\n<p>A las cr\u00edticas se sum\u00f3 el diputado comunista\u00a0<strong>Marcos Barraza<\/strong>, quien anunci\u00f3 que oficiar\u00e1 al presidente de la Rep\u00fablica y al ministro de Relaciones Exteriores para que informen qu\u00e9 medidas adoptar\u00e1 el Gobierno frente a los dichos de Judd, que calific\u00f3 como \u201caltamente injerencistas\u201d.<\/p>\n<p>\u201cQue con el presidente Kast resulta muy f\u00e1cil implementar la doctrina de Donroe es muy grave.\u00a0<strong>Chile no puede ser parte de una pol\u00edtica militar y una pol\u00edtica de relaciones exteriores definida por Estados Unidos.<\/strong> Nuestra soberan\u00eda debe estar por sobre cualquier afinidad ideol\u00f3gica\u201d, sostuvo.<\/p>\n<p>El diputado\u00a0<strong>Gonzalo Winter (FA)<\/strong>\u00a0tambi\u00e9n exigi\u00f3 una respuesta inmediata del Ejecutivo y acus\u00f3 al diplom\u00e1tico de haber traspasado nuevamente los l\u00edmites de su cargo.<\/p>\n<p>\u201cEl embajador de EEUU nuevamente ha cruzado una l\u00ednea. No le ha bastado con enfrentarse con ministros, ahora realiza declaraciones que merecen el reproche inmediato del Gobierno.\u00a0<strong>La soberan\u00eda de Chile est\u00e1 en riesgo\u201d<\/strong>, se\u00f1al\u00f3.<\/p>\n<p>Winter fue m\u00e1s all\u00e1 y apunt\u00f3 directamente al mandatario: \u201cSus palabras sinceran algo que es a\u00fan m\u00e1s grave: la subordinaci\u00f3n que est\u00e1 teniendo el gobierno de Jos\u00e9 Antonio Kast frente a Estados Unidos. Presidente, usted gobierna para los chilenos, no para los caprichos de Donald Trump\u201d.<\/p>\n<\/div>\n<\/div>\n","protected":false},"excerpt":{"rendered":"<p>Las declaraciones del embajador de Estados Unidos en Chile, Brandon Judd, encendieron la disputa pol\u00edtica. Tras asegurar que el pa\u00eds ya aplica la \u201cDoctrina Donroe\u201d&hellip; <\/p>\n","protected":false},"author":7,"featured_media":108354,"comment_status":"closed","ping_status":"closed","sticky":false,"template":"","format":"standard","meta":{"footnotes":""},"categories":[37],"tags":[],"class_list":["post-108353","post","type-post","status-publish","format-standard","has-post-thumbnail","hentry","category-nacional"],"_links":{"self":[{"href":"https:\/\/www.radioamigavallenar.cl\/index.php?rest_route=\/wp\/v2\/posts\/108353","targetHints":{"allow":["GET"]}}],"collection":[{"href":"https:\/\/www.radioamigavallenar.cl\/index.php?rest_route=\/wp\/v2\/posts"}],"about":[{"href":"https:\/\/www.radioamigavallenar.cl\/index.php?rest_route=\/wp\/v2\/types\/post"}],"author":[{"embeddable":true,"href":"https:\/\/www.radioamigavallenar.cl\/index.php?rest_route=\/wp\/v2\/users\/7"}],"replies":[{"embeddable":true,"href":"https:\/\/www.radioamigavallenar.cl\/index.php?rest_route=%2Fwp%2Fv2%2Fcomments&post=108353"}],"version-history":[{"count":1,"href":"https:\/\/www.radioamigavallenar.cl\/index.php?rest_route=\/wp\/v2\/posts\/108353\/revisions"}],"predecessor-version":[{"id":108355,"href":"https:\/\/www.radioamigavallenar.cl\/index.php?rest_route=\/wp\/v2\/posts\/108353\/revisions\/108355"}],"wp:featuredmedia":[{"embeddable":true,"href":"https:\/\/www.radioamigavallenar.cl\/index.php?rest_route=\/wp\/v2\/media\/108354"}],"wp:attachment":[{"href":"https:\/\/www.radioamigavallenar.cl\/index.php?rest_route=%2Fwp%2Fv2%2Fmedia&parent=108353"}],"wp:term":[{"taxonomy":"category","embeddable":true,"href":"https:\/\/www.radioamigavallenar.cl\/index.php?rest_route=%2Fwp%2Fv2%2Fcategories&post=108353"},{"taxonomy":"post_tag","embeddable":true,"href":"https:\/\/www.radioamigavallenar.cl\/index.php?rest_route=%2Fwp%2Fv2%2Ftags&post=108353"}],"curies":[{"name":"wp","href":"https:\/\/api.w.org\/{rel}","templated":true}]}}