{"id":108350,"date":"2026-09-04T07:04:02","date_gmt":"2026-09-04T11:04:02","guid":{"rendered":"https:\/\/www.radioamigavallenar.cl\/?p=108350"},"modified":"2026-09-04T07:04:02","modified_gmt":"2026-09-04T11:04:02","slug":"municipalidad-de-vallenar-y-el-gobierno-regional-de-atacama-continuan-articulando-acciones-de-apoyo-para-los-crianceros-afectados-por-la-emergencia-agricola","status":"publish","type":"post","link":"https:\/\/www.radioamigavallenar.cl\/?p=108350","title":{"rendered":"Municipalidad de Vallenar y el Gobierno Regional de Atacama contin\u00faan articulando acciones de apoyo para los crianceros afectados por la emergencia agr\u00edcola"},"content":{"rendered":"<p>La Ilustre Municipalidad de Vallenar y el Gobierno Regional de Atacama contin\u00faan articulando acciones de apoyo para los crianceros afectados por la emergencia agr\u00edcola, y los da\u00f1os provocados por los recientes sistemas frontales. La situaci\u00f3n ha generado p\u00e9rdidas de ganado, da\u00f1os en corrales e infraestructura productiva, dificultades de acceso a sectores rurales y una compleja situaci\u00f3n para numerosas familias dedicadas a la actividad caprina.<\/p>\n<p>En este contexto, se concret\u00f3 la entrega de 875 fardos de alfalfa, beneficiando a 130 crianceros, a trav\u00e9s del programa de emergencia del Gobierno Regional. A ello se suma el apoyo de la Ilustre Municipalidad de Vallenar, que mediante recursos provenientes de la Ley de Royalty dispuso la entrega de 1.500 sacos de pellets de alfalfa para 154 crianceros de la comuna, fortaleciendo la alimentaci\u00f3n del ganado y apoyando la recuperaci\u00f3n de los productores locales.<\/p>\n<p>En la jornada de hoy la directora de DIDECO Carolina Armenakis Daher en representaci\u00f3n del alcalde V\u00edctor Isla Lutz, y del gobernador regional Miguel Vargas Correa, realizaron una visita en terreno para conocer directamente la realidad de los productores y evaluar el impacto de estas medidas de apoyo en sectores como El Colmo, Hacienda Buena Esperanza.<\/p>\n","protected":false},"excerpt":{"rendered":"<p>La Ilustre Municipalidad de Vallenar y el Gobierno Regional de Atacama contin\u00faan articulando acciones de apoyo para los crianceros afectados por la emergencia agr\u00edcola, y&hellip; <\/p>\n","protected":false},"author":7,"featured_media":108351,"comment_status":"closed","ping_status":"closed","sticky":false,"template":"","format":"standard","meta":{"footnotes":""},"categories":[7],"tags":[],"class_list":["post-108350","post","type-post","status-publish","format-standard","has-post-thumbnail","hentry","category-atacama"],"_links":{"self":[{"href":"https:\/\/www.radioamigavallenar.cl\/index.php?rest_route=\/wp\/v2\/posts\/108350","targetHints":{"allow":["GET"]}}],"collection":[{"href":"https:\/\/www.radioamigavallenar.cl\/index.php?rest_route=\/wp\/v2\/posts"}],"about":[{"href":"https:\/\/www.radioamigavallenar.cl\/index.php?rest_route=\/wp\/v2\/types\/post"}],"author":[{"embeddable":true,"href":"https:\/\/www.radioamigavallenar.cl\/index.php?rest_route=\/wp\/v2\/users\/7"}],"replies":[{"embeddable":true,"href":"https:\/\/www.radioamigavallenar.cl\/index.php?rest_route=%2Fwp%2Fv2%2Fcomments&post=108350"}],"version-history":[{"count":1,"href":"https:\/\/www.radioamigavallenar.cl\/index.php?rest_route=\/wp\/v2\/posts\/108350\/revisions"}],"predecessor-version":[{"id":108352,"href":"https:\/\/www.radioamigavallenar.cl\/index.php?rest_route=\/wp\/v2\/posts\/108350\/revisions\/108352"}],"wp:featuredmedia":[{"embeddable":true,"href":"https:\/\/www.radioamigavallenar.cl\/index.php?rest_route=\/wp\/v2\/media\/108351"}],"wp:attachment":[{"href":"https:\/\/www.radioamigavallenar.cl\/index.php?rest_route=%2Fwp%2Fv2%2Fmedia&parent=108350"}],"wp:term":[{"taxonomy":"category","embeddable":true,"href":"https:\/\/www.radioamigavallenar.cl\/index.php?rest_route=%2Fwp%2Fv2%2Fcategories&post=108350"},{"taxonomy":"post_tag","embeddable":true,"href":"https:\/\/www.radioamigavallenar.cl\/index.php?rest_route=%2Fwp%2Fv2%2Ftags&post=108350"}],"curies":[{"name":"wp","href":"https:\/\/api.w.org\/{rel}","templated":true}]}}