{"id":108347,"date":"2026-09-04T07:02:03","date_gmt":"2026-09-04T11:02:03","guid":{"rendered":"https:\/\/www.radioamigavallenar.cl\/?p=108347"},"modified":"2026-09-04T07:02:03","modified_gmt":"2026-09-04T11:02:03","slug":"en-cachiyuyo-se-dio-inicio-a-la-segunda-etapa-del-diseno-del-pueblito-del-sol-iniciativa-que-contempla-cuatro-etapas-de-desarrollo","status":"publish","type":"post","link":"https:\/\/www.radioamigavallenar.cl\/?p=108347","title":{"rendered":"En Cachiyuyo se dio inicio a la segunda etapa del dise\u00f1o del Pueblito del Sol, iniciativa que contempla cuatro etapas de desarrollo"},"content":{"rendered":"<p>En Cachiyuyo se dio inicio a la segunda etapa del dise\u00f1o del Pueblito del Sol, iniciativa que contempla cuatro etapas de desarrollo. Tras una primera instancia de diagn\u00f3stico, donde se recogieron las inquietudes y necesidades de la junta de vecinos N\u00b021 d\u00e9 Cachiyuyo, esta nueva fase permite presentar una primera propuesta de dise\u00f1o a las vecinas y vecinos, quienes entregan sus observaciones y aportes para continuar hacia un proyecto m\u00e1s consolidado.<\/p>\n<p>En esta jornada, y en su rol fiscalizador, particip\u00f3 la Ilustre Municipalidad de Vallenar, a trav\u00e9s de los equipos de SECPLA, Fomento Productivo y Gesti\u00f3n Territorial, acompa\u00f1ando este proceso participativo y recogiendo las opiniones de la comunidad, fundamentales para continuar avanzando en las pr\u00f3ximas etapas del proyecto. que es espera que su etapa de finalizaci\u00f3n sea los primeros meses del 2027.<\/p>\n","protected":false},"excerpt":{"rendered":"<p>En Cachiyuyo se dio inicio a la segunda etapa del dise\u00f1o del Pueblito del Sol, iniciativa que contempla cuatro etapas de desarrollo. Tras una primera&hellip; <\/p>\n","protected":false},"author":7,"featured_media":108348,"comment_status":"closed","ping_status":"closed","sticky":false,"template":"","format":"standard","meta":{"footnotes":""},"categories":[7],"tags":[],"class_list":["post-108347","post","type-post","status-publish","format-standard","has-post-thumbnail","hentry","category-atacama"],"_links":{"self":[{"href":"https:\/\/www.radioamigavallenar.cl\/index.php?rest_route=\/wp\/v2\/posts\/108347","targetHints":{"allow":["GET"]}}],"collection":[{"href":"https:\/\/www.radioamigavallenar.cl\/index.php?rest_route=\/wp\/v2\/posts"}],"about":[{"href":"https:\/\/www.radioamigavallenar.cl\/index.php?rest_route=\/wp\/v2\/types\/post"}],"author":[{"embeddable":true,"href":"https:\/\/www.radioamigavallenar.cl\/index.php?rest_route=\/wp\/v2\/users\/7"}],"replies":[{"embeddable":true,"href":"https:\/\/www.radioamigavallenar.cl\/index.php?rest_route=%2Fwp%2Fv2%2Fcomments&post=108347"}],"version-history":[{"count":1,"href":"https:\/\/www.radioamigavallenar.cl\/index.php?rest_route=\/wp\/v2\/posts\/108347\/revisions"}],"predecessor-version":[{"id":108349,"href":"https:\/\/www.radioamigavallenar.cl\/index.php?rest_route=\/wp\/v2\/posts\/108347\/revisions\/108349"}],"wp:featuredmedia":[{"embeddable":true,"href":"https:\/\/www.radioamigavallenar.cl\/index.php?rest_route=\/wp\/v2\/media\/108348"}],"wp:attachment":[{"href":"https:\/\/www.radioamigavallenar.cl\/index.php?rest_route=%2Fwp%2Fv2%2Fmedia&parent=108347"}],"wp:term":[{"taxonomy":"category","embeddable":true,"href":"https:\/\/www.radioamigavallenar.cl\/index.php?rest_route=%2Fwp%2Fv2%2Fcategories&post=108347"},{"taxonomy":"post_tag","embeddable":true,"href":"https:\/\/www.radioamigavallenar.cl\/index.php?rest_route=%2Fwp%2Fv2%2Ftags&post=108347"}],"curies":[{"name":"wp","href":"https:\/\/api.w.org\/{rel}","templated":true}]}}