{"id":108344,"date":"2026-09-04T06:56:43","date_gmt":"2026-09-04T10:56:43","guid":{"rendered":"https:\/\/www.radioamigavallenar.cl\/?p=108344"},"modified":"2026-09-04T06:56:43","modified_gmt":"2026-09-04T10:56:43","slug":"ssa-y-hospital-provincial-del-huasco-fortalece-gestion-y-derivacion-oportuna-de-pacientes","status":"publish","type":"post","link":"https:\/\/www.radioamigavallenar.cl\/?p=108344","title":{"rendered":"SSA Y Hospital Provincial del Huasco fortalece gesti\u00f3n y derivaci\u00f3n oportuna de pacientes"},"content":{"rendered":"<p>Con el objetivo de fortalecer la coordinaci\u00f3n de los equipos cl\u00ednicos y entregar herramientas para una adecuada gesti\u00f3n y derivaci\u00f3n de pacientes, el Servicio de Salud de Atacama y el Hospital Provincial del Huasco realiz\u00f3 una capacitaci\u00f3n en Gesti\u00f3n de Casos, dirigida a profesionales de distintas \u00e1reas asistenciales de la instituci\u00f3n.<\/p>\n<p>Durante la jornada se abordaron contenidos relacionados con los objetivos y funciones del Departamento de Gesti\u00f3n de Casos, el uso de la plataforma UGCC, la derivaci\u00f3n de pacientes cr\u00edticos y la documentaci\u00f3n requerida, adem\u00e1s de los protocolos de b\u00fasqueda de prestadores p\u00fablicos y privados en convenio.<\/p>\n<p>Asimismo, se revisaron los procedimientos para la derivaci\u00f3n de pacientes GES, embarazadas y personas con patolog\u00edas de salud mental, junto con contenidos asociados a RIU, Ley de Urgencias, protocolos de rescate y coordinaci\u00f3n de m\u00f3viles terrestres y a\u00e9reos. La actividad tambi\u00e9n contempl\u00f3 el an\u00e1lisis de ejemplos y casos del propio Hospital Provincial del Huasco.<\/p>\n<p>La instancia cont\u00f3 con la participaci\u00f3n de profesionales vinculados a Urgencia, UPC, Cirug\u00eda, Medicina Interna, Obstetricia, Pediatr\u00eda y otras especialidades, reforzando la importancia del trabajo coordinado para abordar adecuadamente las situaciones que se presentan diariamente en el quehacer asistencial.<\/p>\n","protected":false},"excerpt":{"rendered":"<p>Con el objetivo de fortalecer la coordinaci\u00f3n de los equipos cl\u00ednicos y entregar herramientas para una adecuada gesti\u00f3n y derivaci\u00f3n de pacientes, el Servicio de&hellip; <\/p>\n","protected":false},"author":7,"featured_media":108345,"comment_status":"closed","ping_status":"closed","sticky":false,"template":"","format":"standard","meta":{"footnotes":""},"categories":[7],"tags":[],"class_list":["post-108344","post","type-post","status-publish","format-standard","has-post-thumbnail","hentry","category-atacama"],"_links":{"self":[{"href":"https:\/\/www.radioamigavallenar.cl\/index.php?rest_route=\/wp\/v2\/posts\/108344","targetHints":{"allow":["GET"]}}],"collection":[{"href":"https:\/\/www.radioamigavallenar.cl\/index.php?rest_route=\/wp\/v2\/posts"}],"about":[{"href":"https:\/\/www.radioamigavallenar.cl\/index.php?rest_route=\/wp\/v2\/types\/post"}],"author":[{"embeddable":true,"href":"https:\/\/www.radioamigavallenar.cl\/index.php?rest_route=\/wp\/v2\/users\/7"}],"replies":[{"embeddable":true,"href":"https:\/\/www.radioamigavallenar.cl\/index.php?rest_route=%2Fwp%2Fv2%2Fcomments&post=108344"}],"version-history":[{"count":1,"href":"https:\/\/www.radioamigavallenar.cl\/index.php?rest_route=\/wp\/v2\/posts\/108344\/revisions"}],"predecessor-version":[{"id":108346,"href":"https:\/\/www.radioamigavallenar.cl\/index.php?rest_route=\/wp\/v2\/posts\/108344\/revisions\/108346"}],"wp:featuredmedia":[{"embeddable":true,"href":"https:\/\/www.radioamigavallenar.cl\/index.php?rest_route=\/wp\/v2\/media\/108345"}],"wp:attachment":[{"href":"https:\/\/www.radioamigavallenar.cl\/index.php?rest_route=%2Fwp%2Fv2%2Fmedia&parent=108344"}],"wp:term":[{"taxonomy":"category","embeddable":true,"href":"https:\/\/www.radioamigavallenar.cl\/index.php?rest_route=%2Fwp%2Fv2%2Fcategories&post=108344"},{"taxonomy":"post_tag","embeddable":true,"href":"https:\/\/www.radioamigavallenar.cl\/index.php?rest_route=%2Fwp%2Fv2%2Ftags&post=108344"}],"curies":[{"name":"wp","href":"https:\/\/api.w.org\/{rel}","templated":true}]}}