{"id":108341,"date":"2026-09-04T06:52:48","date_gmt":"2026-09-04T10:52:48","guid":{"rendered":"https:\/\/www.radioamigavallenar.cl\/?p=108341"},"modified":"2026-09-04T06:52:48","modified_gmt":"2026-09-04T10:52:48","slug":"alcalde-de-freirina-y-vialidad-inspeccionan-conectividad-y-anuncian-pronta-apertura-de-puente-los-loros","status":"publish","type":"post","link":"https:\/\/www.radioamigavallenar.cl\/?p=108341","title":{"rendered":"Alcalde de Freirina y Vialidad inspeccionan conectividad y anuncian pronta apertura de Puente Los Loros"},"content":{"rendered":"<p data-id=\"v6H5Po\" data-pm-slice=\"1 1 []\">El alcalde de Freirina, Fernando Ruhl P\u00e9rez, junto al director provincial de Vialidad, Jos\u00e9 Luis Bahamondes, realizaron un recorrido en terreno por los puentes Los Loros, Los Guindos y el puente mecano de la quebrada Alarc\u00f3n (tambi\u00e9n conocida como Guaso Cruz), con el fin de evaluar su estado operativo y transparentar los plazos de habilitaci\u00f3n para la comunidad.<\/p>\n<p data-id=\"QaRE6A\">Puente Los Loros: Pronta habilitaci\u00f3n para la pr\u00f3xima semana.<\/p>\n<p data-id=\"RiFgn7\">Durante la visita t\u00e9cnica, las autoridades confirmaron que las obras estructurales y de accesos en el Puente Los Loros se encuentran completamente finalizadas, con una capacidad de resistencia estimada en 30 toneladas.<\/p>\n<p data-id=\"HGquki\">Sobre la fecha de apertura oficial, el director provincial de Vialidad, Jos\u00e9 Luis Bahamondes, detall\u00f3:<\/p>\n<p data-id=\"L7Rihr\">\u00abLo \u00fanico que est\u00e1 faltando es la instalaci\u00f3n de las se\u00f1ales de restricci\u00f3n de tonelaje, de restricci\u00f3n de velocidad y se\u00f1ales peri\u00f3dicas. B\u00e1sicamente, eso va a poder dar tr\u00e1nsito y, seg\u00fan nuestra estimaci\u00f3n, el d\u00eda lunes de la pr\u00f3xima semana ya esto deber\u00eda estar operativo.\u00bb<\/p>\n<p data-id=\"JP6xaa\">En la misma l\u00ednea, el alcalde Fernando Ruhl destac\u00f3 que los accesos del sector de San Juan se encuentran en condiciones para recibir el tr\u00e1nsito vehicular, haciendo un llamado enf\u00e1tico a los conductores a respetar rigurosamente la se\u00f1alizaci\u00f3n preventiva y los l\u00edmites establecidos.<\/p>\n<p data-id=\"UF27LP\">Trabajos de refuerzo en el puente mecano de Quebrada Alarc\u00f3n<\/p>\n<p data-id=\"NnzUGm\">En cuanto al puente modular ubicado en la quebrada Alarc\u00f3n (Guaso Cruz), el jefe comunal aclar\u00f3 que, si bien la estructura fue instalada de acuerdo con el cronograma inicial a mediados de agosto, los sistemas frontales registrados una semana despu\u00e9s provocaron el socavamiento del terrapl\u00e9n de acceso.<\/p>\n<p data-id=\"U5YAct\">Ante esta contingencia, maquinarias de Vialidad se encuentran desplegadas en el sector ejecutando labores de refuerzo. El alcalde Ruhl explic\u00f3 los detalles de las faenas:<\/p>\n<p data-id=\"vKNJY2\">\u00abEst\u00e1n trabajando con maquinaria reforzando el terrapl\u00e9n para asegurar el desv\u00edo de las aguas, sobre todo el caudal que proviene del sector Amancay. Estamos viendo aquello; esperamos que se logre terminar en la fecha pr\u00f3xima y estaremos informando oportunamente el momento exacto en que el puente est\u00e9 completamente operativo.\u00bb<\/p>\n<p data-id=\"n7TRP1\">Desde el municipio reiteraron el llamado a la comunidad a mantenerse informada a trav\u00e9s de los canales oficiales y a extremar las precauciones al transitar por las rutas en proceso de consolidaci\u00f3n.<\/p>\n","protected":false},"excerpt":{"rendered":"<p>El alcalde de Freirina, Fernando Ruhl P\u00e9rez, junto al director provincial de Vialidad, Jos\u00e9 Luis Bahamondes, realizaron un recorrido en terreno por los puentes Los&hellip; <\/p>\n","protected":false},"author":7,"featured_media":108342,"comment_status":"closed","ping_status":"closed","sticky":false,"template":"","format":"standard","meta":{"footnotes":""},"categories":[7],"tags":[],"class_list":["post-108341","post","type-post","status-publish","format-standard","has-post-thumbnail","hentry","category-atacama"],"_links":{"self":[{"href":"https:\/\/www.radioamigavallenar.cl\/index.php?rest_route=\/wp\/v2\/posts\/108341","targetHints":{"allow":["GET"]}}],"collection":[{"href":"https:\/\/www.radioamigavallenar.cl\/index.php?rest_route=\/wp\/v2\/posts"}],"about":[{"href":"https:\/\/www.radioamigavallenar.cl\/index.php?rest_route=\/wp\/v2\/types\/post"}],"author":[{"embeddable":true,"href":"https:\/\/www.radioamigavallenar.cl\/index.php?rest_route=\/wp\/v2\/users\/7"}],"replies":[{"embeddable":true,"href":"https:\/\/www.radioamigavallenar.cl\/index.php?rest_route=%2Fwp%2Fv2%2Fcomments&post=108341"}],"version-history":[{"count":1,"href":"https:\/\/www.radioamigavallenar.cl\/index.php?rest_route=\/wp\/v2\/posts\/108341\/revisions"}],"predecessor-version":[{"id":108343,"href":"https:\/\/www.radioamigavallenar.cl\/index.php?rest_route=\/wp\/v2\/posts\/108341\/revisions\/108343"}],"wp:featuredmedia":[{"embeddable":true,"href":"https:\/\/www.radioamigavallenar.cl\/index.php?rest_route=\/wp\/v2\/media\/108342"}],"wp:attachment":[{"href":"https:\/\/www.radioamigavallenar.cl\/index.php?rest_route=%2Fwp%2Fv2%2Fmedia&parent=108341"}],"wp:term":[{"taxonomy":"category","embeddable":true,"href":"https:\/\/www.radioamigavallenar.cl\/index.php?rest_route=%2Fwp%2Fv2%2Fcategories&post=108341"},{"taxonomy":"post_tag","embeddable":true,"href":"https:\/\/www.radioamigavallenar.cl\/index.php?rest_route=%2Fwp%2Fv2%2Ftags&post=108341"}],"curies":[{"name":"wp","href":"https:\/\/api.w.org\/{rel}","templated":true}]}}