{"id":108338,"date":"2026-09-04T06:52:03","date_gmt":"2026-09-04T10:52:03","guid":{"rendered":"https:\/\/www.radioamigavallenar.cl\/?p=108338"},"modified":"2026-09-04T06:52:03","modified_gmt":"2026-09-04T10:52:03","slug":"freirina-agradece-apoyo-de-la-municipalidad-de-las-condes-en-el-marco-de-convenio-tras-emergencia-climatica","status":"publish","type":"post","link":"https:\/\/www.radioamigavallenar.cl\/?p=108338","title":{"rendered":"Freirina agradece apoyo de la Municipalidad de Las Condes en el marco de convenio tras emergencia clim\u00e1tica"},"content":{"rendered":"<p data-id=\"XxgM4b\" data-pm-slice=\"1 1 []\">El alcalde de Freirina, Fernando Ruhl P\u00e9rez, expres\u00f3 p\u00fablicamente su agradecimiento al municipio y a la comunidad de Las Condes por la ayuda humanitaria entregada a la comuna, destinada a paliar los estragos provocados por la reciente emergencia clim\u00e1tica que afect\u00f3 a diversos sectores y familias del territorio.<\/p>\n<h2 style=\"text-align: center;\" data-id=\"0kPjpp\">Alianza y cooperaci\u00f3n intermunicipal<\/h2>\n<p data-id=\"3yXxJW\">Esta muestra de solidaridad se lleva a cabo gracias al convenio de colaboraci\u00f3n firmado antes entre las dos administraciones locales. Este acuerdo estrat\u00e9gico busca mejorar el trabajo en conjunto y coordinar la asistencia necesaria, como alimentos, refugio, materiales y maquinaria, en situaciones de emergencia.<\/p>\n<p data-id=\"swIdXg\">La recepci\u00f3n oficial de los recursos y el saludo protocolar cont\u00f3 con la presencia de destacadas autoridades de ambas comunas:<\/p>\n<p data-id=\"2hEmFc\">Delegaci\u00f3n de Freirina: El alcalde Fernando Ruhl P\u00e9rez, la administradora municipal Mar\u00eda Fernanda Varas, la directora jur\u00eddica Elizabeth Fern\u00e1ndez Manzano y el concejal Donald Esbry.<\/p>\n<p data-id=\"OQx5Uf\">Delegaci\u00f3n de Las Condes: La concejala Nayat Mahmoud Contreras y la relacionadora p\u00fablica Constanza Marante D\u00edaz.<\/p>\n<h2 style=\"text-align: center;\" data-id=\"XmEXTV\"><strong>Vocer\u00eda y respaldo comunal<\/strong><\/h2>\n<p data-id=\"FDGaok\">Durante el encuentro, el jefe comunal freirinense relev\u00f3 la importancia de la hermandad y la articulaci\u00f3n entre gobiernos locales frente a los momentos de crisis:<\/p>\n<p data-id=\"ihTEIJ\">\u00abAgradecemos sinceramente a la Municipalidad de Las Condes por estar presente y tender una mano a Freirina. Esta colaboraci\u00f3n demuestra la importancia de trabajar unidos entre municipios, especialmente cuando nuestras comunidades enfrentan momentos dif\u00edciles\u00bb, se\u00f1al\u00f3 el alcalde Fernando Ruhl.<\/p>\n<p data-id=\"fLDrRE\">Desde el municipio de Freirina destacaron que este tipo de gestos refuerzan los lazos de reciprocidad, permitiendo sumar capacidades log\u00edsticas y t\u00e9cnicas para entregar respuestas expeditas y concretas a las familias damnificadas de la provincia del Huasco.<\/p>\n","protected":false},"excerpt":{"rendered":"<p>El alcalde de Freirina, Fernando Ruhl P\u00e9rez, expres\u00f3 p\u00fablicamente su agradecimiento al municipio y a la comunidad de Las Condes por la ayuda humanitaria entregada&hellip; <\/p>\n","protected":false},"author":7,"featured_media":108339,"comment_status":"closed","ping_status":"closed","sticky":false,"template":"","format":"standard","meta":{"footnotes":""},"categories":[7],"tags":[],"class_list":["post-108338","post","type-post","status-publish","format-standard","has-post-thumbnail","hentry","category-atacama"],"_links":{"self":[{"href":"https:\/\/www.radioamigavallenar.cl\/index.php?rest_route=\/wp\/v2\/posts\/108338","targetHints":{"allow":["GET"]}}],"collection":[{"href":"https:\/\/www.radioamigavallenar.cl\/index.php?rest_route=\/wp\/v2\/posts"}],"about":[{"href":"https:\/\/www.radioamigavallenar.cl\/index.php?rest_route=\/wp\/v2\/types\/post"}],"author":[{"embeddable":true,"href":"https:\/\/www.radioamigavallenar.cl\/index.php?rest_route=\/wp\/v2\/users\/7"}],"replies":[{"embeddable":true,"href":"https:\/\/www.radioamigavallenar.cl\/index.php?rest_route=%2Fwp%2Fv2%2Fcomments&post=108338"}],"version-history":[{"count":1,"href":"https:\/\/www.radioamigavallenar.cl\/index.php?rest_route=\/wp\/v2\/posts\/108338\/revisions"}],"predecessor-version":[{"id":108340,"href":"https:\/\/www.radioamigavallenar.cl\/index.php?rest_route=\/wp\/v2\/posts\/108338\/revisions\/108340"}],"wp:featuredmedia":[{"embeddable":true,"href":"https:\/\/www.radioamigavallenar.cl\/index.php?rest_route=\/wp\/v2\/media\/108339"}],"wp:attachment":[{"href":"https:\/\/www.radioamigavallenar.cl\/index.php?rest_route=%2Fwp%2Fv2%2Fmedia&parent=108338"}],"wp:term":[{"taxonomy":"category","embeddable":true,"href":"https:\/\/www.radioamigavallenar.cl\/index.php?rest_route=%2Fwp%2Fv2%2Fcategories&post=108338"},{"taxonomy":"post_tag","embeddable":true,"href":"https:\/\/www.radioamigavallenar.cl\/index.php?rest_route=%2Fwp%2Fv2%2Ftags&post=108338"}],"curies":[{"name":"wp","href":"https:\/\/api.w.org\/{rel}","templated":true}]}}