{"id":108336,"date":"2026-09-04T06:50:25","date_gmt":"2026-09-04T10:50:25","guid":{"rendered":"https:\/\/www.radioamigavallenar.cl\/?p=108336"},"modified":"2026-09-04T06:50:25","modified_gmt":"2026-09-04T10:50:25","slug":"comision-provincial-de-huasco-sesionara-en-alto-del-carmen-para-abordar-recuperacion-y-preparacion-ante-periodo-de-deshielos","status":"publish","type":"post","link":"https:\/\/www.radioamigavallenar.cl\/?p=108336","title":{"rendered":"Comisi\u00f3n Provincial de Huasco sesionar\u00e1 en Alto del Carmen para abordar recuperaci\u00f3n y preparaci\u00f3n ante periodo de deshielos"},"content":{"rendered":"<p data-id=\"FVQsCw\" data-pm-slice=\"1 1 []\">Con el objetivo de coordinar los planes de recuperaci\u00f3n tras los graves da\u00f1os provocados por la emergencia clim\u00e1tica y el estado de cat\u00e1strofe, hoy viernes 4 de septiembre, a partir de las 10:30 horas, se llevar\u00e1 a cabo en el municipio una sesi\u00f3n de la Comisi\u00f3n Provincial de Huasco del Consejo Regional de Atacama.<\/p>\n<p data-id=\"tt6T0C\">La instancia institucional estar\u00e1 enfocada en levantar las necesidades prioritarias de la comuna y analizar los escenarios complejos que el territorio podr\u00eda enfrentar durante los pr\u00f3ximos meses a ra\u00edz del proceso de deshielo, estableciendo l\u00edneas de acci\u00f3n en materia de prevenci\u00f3n, mitigaci\u00f3n y preparaci\u00f3n operativa.<\/p>\n<p data-id=\"iomBOR\">Adem\u00e1s del trabajo en sala, la jornada contempla un despliegue en terreno. Una vez finalizada la reuni\u00f3n, las autoridades y los equipos t\u00e9cnicos realizar\u00e1n un recorrido por los sectores afectados para constatar de primera fuente la realidad de las familias y dimensionar los requerimientos pendientes en infraestructura y conectividad.<\/p>\n<p data-id=\"IeAhjA\">A la convocatoria confirmaron su asistencia el alcalde de la Ilustre Municipalidad de Alto del Carmen junto a su equipo t\u00e9cnico, los concejales de la comuna, la seremi de Obras P\u00fablicas de Atacama, Paula Guerrero; el director regional de Vialidad, Jorge Guti\u00e9rrez; el director de la Direcci\u00f3n de Obras Hidr\u00e1ulicas (DOH), Jorge Villalobos; la directora de la Direcci\u00f3n General de Aguas (DGA), Fernanda Avil\u00e9s; la jefa de Divisi\u00f3n de Infraestructura del Gobierno Regional (GORE), Ang\u00e9lica Silva; y el encargado de Coordinaci\u00f3n Territorial del GORE, Mario Silva.<\/p>\n<p data-id=\"c9ch5d\">Desde el municipio recalcaron que este trabajo conjunto busca asegurar que las decisiones de reconstrucci\u00f3n se adopten conociendo directamente el territorio y escuchando las demandas concretas de los vecinos.<\/p>\n","protected":false},"excerpt":{"rendered":"<p>Con el objetivo de coordinar los planes de recuperaci\u00f3n tras los graves da\u00f1os provocados por la emergencia clim\u00e1tica y el estado de cat\u00e1strofe, hoy viernes&hellip; <\/p>\n","protected":false},"author":7,"featured_media":103408,"comment_status":"closed","ping_status":"closed","sticky":false,"template":"","format":"standard","meta":{"footnotes":""},"categories":[7],"tags":[],"class_list":["post-108336","post","type-post","status-publish","format-standard","has-post-thumbnail","hentry","category-atacama"],"_links":{"self":[{"href":"https:\/\/www.radioamigavallenar.cl\/index.php?rest_route=\/wp\/v2\/posts\/108336","targetHints":{"allow":["GET"]}}],"collection":[{"href":"https:\/\/www.radioamigavallenar.cl\/index.php?rest_route=\/wp\/v2\/posts"}],"about":[{"href":"https:\/\/www.radioamigavallenar.cl\/index.php?rest_route=\/wp\/v2\/types\/post"}],"author":[{"embeddable":true,"href":"https:\/\/www.radioamigavallenar.cl\/index.php?rest_route=\/wp\/v2\/users\/7"}],"replies":[{"embeddable":true,"href":"https:\/\/www.radioamigavallenar.cl\/index.php?rest_route=%2Fwp%2Fv2%2Fcomments&post=108336"}],"version-history":[{"count":1,"href":"https:\/\/www.radioamigavallenar.cl\/index.php?rest_route=\/wp\/v2\/posts\/108336\/revisions"}],"predecessor-version":[{"id":108337,"href":"https:\/\/www.radioamigavallenar.cl\/index.php?rest_route=\/wp\/v2\/posts\/108336\/revisions\/108337"}],"wp:featuredmedia":[{"embeddable":true,"href":"https:\/\/www.radioamigavallenar.cl\/index.php?rest_route=\/wp\/v2\/media\/103408"}],"wp:attachment":[{"href":"https:\/\/www.radioamigavallenar.cl\/index.php?rest_route=%2Fwp%2Fv2%2Fmedia&parent=108336"}],"wp:term":[{"taxonomy":"category","embeddable":true,"href":"https:\/\/www.radioamigavallenar.cl\/index.php?rest_route=%2Fwp%2Fv2%2Fcategories&post=108336"},{"taxonomy":"post_tag","embeddable":true,"href":"https:\/\/www.radioamigavallenar.cl\/index.php?rest_route=%2Fwp%2Fv2%2Ftags&post=108336"}],"curies":[{"name":"wp","href":"https:\/\/api.w.org\/{rel}","templated":true}]}}