{"id":108330,"date":"2026-09-04T06:46:36","date_gmt":"2026-09-04T10:46:36","guid":{"rendered":"https:\/\/www.radioamigavallenar.cl\/?p=108330"},"modified":"2026-09-04T06:46:36","modified_gmt":"2026-09-04T10:46:36","slug":"gobierno-compromete-apoyo-para-recuperar-sistemas-de-riego-del-valle-del-huasco","status":"publish","type":"post","link":"https:\/\/www.radioamigavallenar.cl\/?p=108330","title":{"rendered":"Gobierno compromete apoyo para recuperar sistemas de riego del valle del Huasco"},"content":{"rendered":"<p data-id=\"drDF8q\" data-pm-slice=\"1 1 []\">El Gobierno mantiene su compromiso con los agricultores y agricultoras del Valle del Huasco afectados por los recientes temporales. Este martes, el Delegado Presidencial Provincial, Juan Donoso, estuvo nuevamente en la comuna de Alto del Carmen para constatar en terreno los trabajos que se est\u00e1n llevando a cabo para la habilitaci\u00f3n de los sistemas de riego y reparaci\u00f3n de canales afectados por los recientes temporales.<\/p>\n<p data-id=\"pw0jJr\">El Delegado Presidencial Provincial, Juan Donoso, destac\u00f3 la urgencia de disponer de maquinaria y recursos para las labores de limpieza y despeje de los canales de regad\u00edo, fundamentales para recuperar la capacidad productiva del valle, conceptos vertidos por la autoridad luego de conocer del trabajo de limpieza que se est\u00e1 llevando a cabo en el sector de Las Marquesas, en el Valle del Tr\u00e1nsito. En la visita, acompa\u00f1ado por el seremi de Agricultura, Guillermo Procuriza, la directora regional de CNR, Valentina Barraza, y representantes de Indap.<\/p>\n<p data-id=\"86hlha\">\u201cVamos a avanzar con prontitud en la destinaci\u00f3n de los recursos necesarios, coordinando a los distintos servicios p\u00fablicos para entregar una respuesta concreta y oportuna\u201d, se\u00f1al\u00f3.<\/p>\n<p data-id=\"K9pMm9\">El trabajo continuar\u00e1 en terreno y junto a las organizaciones agr\u00edcolas, porque recuperar los sistemas de riego es una prioridad para reactivar la actividad productiva y entregar tranquilidad a las familias del Valle del Huasco.<\/p>\n<p data-id=\"PuWLMZ\">El Gobierno est\u00e1 presente y seguir\u00e1 trabajando para responder a las necesidades de nuestros agricultores y agricultoras.<\/p>\n","protected":false},"excerpt":{"rendered":"<p>El Gobierno mantiene su compromiso con los agricultores y agricultoras del Valle del Huasco afectados por los recientes temporales. Este martes, el Delegado Presidencial Provincial,&hellip; <\/p>\n","protected":false},"author":7,"featured_media":108331,"comment_status":"closed","ping_status":"closed","sticky":false,"template":"","format":"standard","meta":{"footnotes":""},"categories":[7],"tags":[],"class_list":["post-108330","post","type-post","status-publish","format-standard","has-post-thumbnail","hentry","category-atacama"],"_links":{"self":[{"href":"https:\/\/www.radioamigavallenar.cl\/index.php?rest_route=\/wp\/v2\/posts\/108330","targetHints":{"allow":["GET"]}}],"collection":[{"href":"https:\/\/www.radioamigavallenar.cl\/index.php?rest_route=\/wp\/v2\/posts"}],"about":[{"href":"https:\/\/www.radioamigavallenar.cl\/index.php?rest_route=\/wp\/v2\/types\/post"}],"author":[{"embeddable":true,"href":"https:\/\/www.radioamigavallenar.cl\/index.php?rest_route=\/wp\/v2\/users\/7"}],"replies":[{"embeddable":true,"href":"https:\/\/www.radioamigavallenar.cl\/index.php?rest_route=%2Fwp%2Fv2%2Fcomments&post=108330"}],"version-history":[{"count":1,"href":"https:\/\/www.radioamigavallenar.cl\/index.php?rest_route=\/wp\/v2\/posts\/108330\/revisions"}],"predecessor-version":[{"id":108332,"href":"https:\/\/www.radioamigavallenar.cl\/index.php?rest_route=\/wp\/v2\/posts\/108330\/revisions\/108332"}],"wp:featuredmedia":[{"embeddable":true,"href":"https:\/\/www.radioamigavallenar.cl\/index.php?rest_route=\/wp\/v2\/media\/108331"}],"wp:attachment":[{"href":"https:\/\/www.radioamigavallenar.cl\/index.php?rest_route=%2Fwp%2Fv2%2Fmedia&parent=108330"}],"wp:term":[{"taxonomy":"category","embeddable":true,"href":"https:\/\/www.radioamigavallenar.cl\/index.php?rest_route=%2Fwp%2Fv2%2Fcategories&post=108330"},{"taxonomy":"post_tag","embeddable":true,"href":"https:\/\/www.radioamigavallenar.cl\/index.php?rest_route=%2Fwp%2Fv2%2Ftags&post=108330"}],"curies":[{"name":"wp","href":"https:\/\/api.w.org\/{rel}","templated":true}]}}