{"id":108325,"date":"2026-09-04T06:25:14","date_gmt":"2026-09-04T10:25:14","guid":{"rendered":"https:\/\/www.radioamigavallenar.cl\/?p=108325"},"modified":"2026-09-04T06:43:47","modified_gmt":"2026-09-04T10:43:47","slug":"mop-atacama-anuncia-cortes-temporales-programados-en-la-ruta-5-norte-entre-vallenar-y-la-serena","status":"publish","type":"post","link":"https:\/\/www.radioamigavallenar.cl\/?p=108325","title":{"rendered":"MOP Atacama anuncia cortes temporales programados en la Ruta 5 Norte entre Vallenar y La Serena"},"content":{"rendered":"<p data-id=\"zALYt8\" data-pm-slice=\"1 1 []\">El Ministerio de Obras P\u00fablicas (MOP) en Atacama, a trav\u00e9s de Vocer\u00eda Atacama, inform\u00f3 la implementaci\u00f3n de suspensiones temporales de tr\u00e1nsito en sectores cr\u00edticos de la Ruta 5 Norte, en el trayecto que conecta Vallenar con La Serena.<\/p>\n<p data-id=\"4XRJpo\">La medida responde a faenas de mantenimiento vial en tramos que operan bajo modalidad de tr\u00e1nsito bidireccional.<\/p>\n<p data-id=\"iwqAOn\">Las interrupciones de tr\u00e1fico se encuentran programadas diariamente en los siguientes puntos de la carretera:<\/p>\n<p data-id=\"4jrs3P\">Cuesta Buenos Aires (kil\u00f3metros 512 al 524): Cortes temporales establecidos entre las 16:00 y las 17:00 horas.<\/p>\n<p data-id=\"Priq4f\">Incahuasi (kil\u00f3metros 575 al 580): Cortes temporales establecidos entre las 00:00 y las 01:00 horas.<\/p>\n<p data-id=\"bcdIEQ\">Desde la cartera de Obras P\u00fablicas indicaron que estas restricciones log\u00edsticas se mantendr\u00e1n vigentes hasta nuevo aviso, por lo que recomendaron a los conductores, transportistas y usuarios frecuentes de la v\u00eda planificar detalladamente sus viajes para evitar retrasos imprevistos.<\/p>\n","protected":false},"excerpt":{"rendered":"<p>El Ministerio de Obras P\u00fablicas (MOP) en Atacama, a trav\u00e9s de Vocer\u00eda Atacama, inform\u00f3 la implementaci\u00f3n de suspensiones temporales de tr\u00e1nsito en sectores cr\u00edticos de&hellip; <\/p>\n","protected":false},"author":7,"featured_media":108326,"comment_status":"closed","ping_status":"closed","sticky":false,"template":"","format":"standard","meta":{"footnotes":""},"categories":[7],"tags":[],"class_list":["post-108325","post","type-post","status-publish","format-standard","has-post-thumbnail","hentry","category-atacama"],"_links":{"self":[{"href":"https:\/\/www.radioamigavallenar.cl\/index.php?rest_route=\/wp\/v2\/posts\/108325","targetHints":{"allow":["GET"]}}],"collection":[{"href":"https:\/\/www.radioamigavallenar.cl\/index.php?rest_route=\/wp\/v2\/posts"}],"about":[{"href":"https:\/\/www.radioamigavallenar.cl\/index.php?rest_route=\/wp\/v2\/types\/post"}],"author":[{"embeddable":true,"href":"https:\/\/www.radioamigavallenar.cl\/index.php?rest_route=\/wp\/v2\/users\/7"}],"replies":[{"embeddable":true,"href":"https:\/\/www.radioamigavallenar.cl\/index.php?rest_route=%2Fwp%2Fv2%2Fcomments&post=108325"}],"version-history":[{"count":1,"href":"https:\/\/www.radioamigavallenar.cl\/index.php?rest_route=\/wp\/v2\/posts\/108325\/revisions"}],"predecessor-version":[{"id":108327,"href":"https:\/\/www.radioamigavallenar.cl\/index.php?rest_route=\/wp\/v2\/posts\/108325\/revisions\/108327"}],"wp:featuredmedia":[{"embeddable":true,"href":"https:\/\/www.radioamigavallenar.cl\/index.php?rest_route=\/wp\/v2\/media\/108326"}],"wp:attachment":[{"href":"https:\/\/www.radioamigavallenar.cl\/index.php?rest_route=%2Fwp%2Fv2%2Fmedia&parent=108325"}],"wp:term":[{"taxonomy":"category","embeddable":true,"href":"https:\/\/www.radioamigavallenar.cl\/index.php?rest_route=%2Fwp%2Fv2%2Fcategories&post=108325"},{"taxonomy":"post_tag","embeddable":true,"href":"https:\/\/www.radioamigavallenar.cl\/index.php?rest_route=%2Fwp%2Fv2%2Ftags&post=108325"}],"curies":[{"name":"wp","href":"https:\/\/api.w.org\/{rel}","templated":true}]}}